{"id":78217,"date":"2015-12-01T17:30:59","date_gmt":"2015-12-01T19:30:59","guid":{"rendered":"http:\/\/www.redenoticia.com.br\/noticia\/?p=78217"},"modified":"2015-12-01T17:30:59","modified_gmt":"2015-12-01T19:30:59","slug":"ibge-economia-acumula-queda-de-32-no-ano-a-maior-desde-1996","status":"publish","type":"post","link":"https:\/\/migracao.redenoticia.com.br\/noticia\/2015\/ibge-economia-acumula-queda-de-32-no-ano-a-maior-desde-1996\/78217","title":{"rendered":"IBGE: economia acumula queda de 3,2% no ano, a maior desde 1996"},"content":{"rendered":"<p>O <strong><em>Produto Interno Bruto<\/em><\/strong> (PIB) \u2013 soma de todos os bens e servi\u00e7os produzidos no pa\u00eds \u2013 teve queda de 3,2% nos tr\u00eas primeiros trimestres do ano, na compara\u00e7\u00e3o com o per\u00edodo de janeiro a setembro do ano passado. \u00c9 a maior queda para o per\u00edodo desde o in\u00edcio da s\u00e9rie hist\u00f3rica do Instituto Brasileiro de Geografia e Estat\u00edstica (IBGE), iniciada em 1996.<\/p>\n<p>Os dados divulgados indicam que, no ano, a maior queda foi registrada em investimentos (-12,7%), seguidos pela ind\u00fastria (-5,6%) e servi\u00e7os (-2,1%). O \u00fanico setor avaliado que registrou crescimento no per\u00edodo foi a agropecu\u00e1ria, com 2,1%.<\/p>\n<p>No quesito investimentos, houve queda de 0,3% no consumo das fam\u00edlias caindo 3% e de 0,4% no consumo do governo. No setor externo, as importa\u00e7\u00f5es de bens e servi\u00e7os recuararm 12,4%, segundo o IBGE, reflexo da valoriza\u00e7\u00e3o do d\u00f3lar em rela\u00e7\u00e3o ao real. J\u00e1 as exporta\u00e7\u00f5es de bens e servi\u00e7os cresceram 4%.<\/p>\n<p>Para a gerente de Contas Trimestrais do IBGE, Cl\u00e1udia Dion\u00edsio, uma conjun\u00e7\u00e3o de fatores vem afetando o desempenho da economia brasileira, que fechou o terceiro trimestre do ano com taxa negativa de 1,7% em compara\u00e7\u00e3o ao trimestre anterior.<\/p>\n<p>\u201cDe uma forma geral, a gente tem uma deteriora\u00e7\u00e3o do quadro de emprego e renda, a alta das taxas de juros &#8211; o que dificulta o acesso ao cr\u00e9dito e afeta diretamente o consumo e os investimentos -, taxas de c\u00e2mbios mais desvalorizadas, infla\u00e7\u00e3o mais alta e opera\u00e7\u00f5es de cr\u00e9dito em termos reais em queda, o que, de uma forma geral, contribu\u00edram para este cen\u00e1rio\u201d.<\/p>\n<p>Com a retra\u00e7\u00e3o de 1,7% do segundo para o terceiro trimestre do ano, o PIB alcan\u00e7ou R$ 1,481 trilh\u00e3o.<\/p>\n<p>A taxa de investimento no terceiro trimestre de 2015 foi de 18,1% do PIB, menor na compara\u00e7\u00e3o com a do mesmo per\u00edodo de 2014 (20,2%). A taxa de poupan\u00e7a foi de 15% no terceiro trimestre de 2015 (ante 17,2% em 2014).<\/p>\n<p>Queda nos setores<\/p>\n<p>Na compara\u00e7\u00e3o do terceiro trimestre deste ano com o segundo trimestre, a ind\u00fastria teve queda de 1,3%, a agropecu\u00e1ria 2,4% e os servi\u00e7os. 1%.<\/p>\n<p>Na ind\u00fastria, a queda foi puxada pela retra\u00e7\u00e3o no setor de transforma\u00e7\u00e3o ( -3,1%). Constru\u00e7\u00e3o civil (-0,5%) e extra\u00e7\u00e3o mineral (-0,2%) tamb\u00e9m registraram resultado negativo no terceiro trimestre do ano. J\u00e1 os setores de energia, g\u00e1s, \u00e1gua, esgoto e limpeza urbana apresentaram crescimento de 1,1%.<\/p>\n<p>&#8220;Pela \u00f3tica da despesa, a Forma\u00e7\u00e3o Bruta de Capital Fixo [investimentos] teve o nono trimestre consecutivo de queda nessa compara\u00e7\u00e3o: -4,0%. A Despesa de Consumo das Fam\u00edlias (-1,5%) caiu pelo terceiro trimestre seguido. J\u00e1 a Despesa de Consumo do Governo cresceu 0,3% em rela\u00e7\u00e3o ao trimestre anterior. No setor externo, as Exporta\u00e7\u00f5es de Bens e Servi\u00e7os tiveram queda de 1,8%, enquanto que as Importa\u00e7\u00f5es de Bens e Servi\u00e7os recuaram 6,9% em rela\u00e7\u00e3o ao segundo trimestre de 2015&#8221;, diz nota do IBGE.<\/p>\n<p>Nielmar de Oliveira Silva \u2013 Rep\u00f3rter da Ag\u00eancia Brasil<br \/>\nEdi\u00e7\u00e3o: Maria Claudia<br \/>\n01\/12\/2015<\/p>\n","protected":false},"excerpt":{"rendered":"<p>O Produto Interno Bruto (PIB) \u2013 soma de todos os bens e servi\u00e7os produzidos no pa\u00eds \u2013 teve queda de 3,2% nos tr\u00eas primeiros trimestres do ano, na compara\u00e7\u00e3o com o per\u00edodo de janeiro a setembro do ano passado. \u00c9 a maior queda para o per\u00edodo desde o in\u00edcio da s\u00e9rie hist\u00f3rica do Instituto Brasileiro [&hellip;]<\/p>\n","protected":false},"author":2,"featured_media":38938,"comment_status":"open","ping_status":"closed","sticky":false,"template":"","format":"standard","meta":{"tdm_status":"","tdm_grid_status":"","footnotes":""},"categories":[22,7],"tags":[],"class_list":{"0":"post-78217","1":"post","2":"type-post","3":"status-publish","4":"format-standard","5":"has-post-thumbnail","7":"category-brasil","8":"category-economia"},"_links":{"self":[{"href":"https:\/\/migracao.redenoticia.com.br\/noticia\/wp-json\/wp\/v2\/posts\/78217","targetHints":{"allow":["GET"]}}],"collection":[{"href":"https:\/\/migracao.redenoticia.com.br\/noticia\/wp-json\/wp\/v2\/posts"}],"about":[{"href":"https:\/\/migracao.redenoticia.com.br\/noticia\/wp-json\/wp\/v2\/types\/post"}],"author":[{"embeddable":true,"href":"https:\/\/migracao.redenoticia.com.br\/noticia\/wp-json\/wp\/v2\/users\/2"}],"replies":[{"embeddable":true,"href":"https:\/\/migracao.redenoticia.com.br\/noticia\/wp-json\/wp\/v2\/comments?post=78217"}],"version-history":[{"count":0,"href":"https:\/\/migracao.redenoticia.com.br\/noticia\/wp-json\/wp\/v2\/posts\/78217\/revisions"}],"wp:featuredmedia":[{"embeddable":true,"href":"https:\/\/migracao.redenoticia.com.br\/noticia\/wp-json\/wp\/v2\/media\/38938"}],"wp:attachment":[{"href":"https:\/\/migracao.redenoticia.com.br\/noticia\/wp-json\/wp\/v2\/media?parent=78217"}],"wp:term":[{"taxonomy":"category","embeddable":true,"href":"https:\/\/migracao.redenoticia.com.br\/noticia\/wp-json\/wp\/v2\/categories?post=78217"},{"taxonomy":"post_tag","embeddable":true,"href":"https:\/\/migracao.redenoticia.com.br\/noticia\/wp-json\/wp\/v2\/tags?post=78217"}],"curies":[{"name":"wp","href":"https:\/\/api.w.org\/{rel}","templated":true}]}}