{"id":78256,"date":"2015-12-02T18:02:27","date_gmt":"2015-12-02T20:02:27","guid":{"rendered":"http:\/\/www.redenoticia.com.br\/noticia\/?p=78256"},"modified":"2015-12-02T18:02:27","modified_gmt":"2015-12-02T20:02:27","slug":"novo-centro-de-pesquisa-em-sao-paulo-deve-ampliar-gas-natural-na-matriz-energetica","status":"publish","type":"post","link":"https:\/\/migracao.redenoticia.com.br\/noticia\/2015\/novo-centro-de-pesquisa-em-sao-paulo-deve-ampliar-gas-natural-na-matriz-energetica\/78256","title":{"rendered":"Novo centro de pesquisa em S\u00e3o Paulo deve ampliar g\u00e1s natural na matriz energ\u00e9tica"},"content":{"rendered":"<p>Diego Freire | Ag\u00eancia FAPESP \u2013 Para contribuir com a amplia\u00e7\u00e3o da participa\u00e7\u00e3o do g\u00e1s natural na matriz energ\u00e9tica brasileira e com a mitiga\u00e7\u00e3o das emiss\u00f5es de gases de efeito estufa nas pr\u00f3ximas d\u00e9cadas, entre outros objetivos, a FAPESP e a BG Brasil, empresa do BG Group, criaram o Centro de Pesquisa para Inova\u00e7\u00e3o em <em><strong>G\u00e1s Natural<\/strong><\/em>, com sede na Universidade de S\u00e3o Paulo (USP).<\/p>\n<p>O investimento da FAPESP ser\u00e1 de R$ 27 milh\u00f5es e o da BG Brasil de R$ 30 milh\u00f5es. Cabe \u00e0 USP uma contrapartida na forma de apoio institucional e administrativo aos pesquisadores envolvidos.<\/p>\n<p>A iniciativa foi apresentada na sede da FAPESP, em S\u00e3o Paulo (SP), com a participa\u00e7\u00e3o de representantes do poder p\u00fablico, da ind\u00fastria e da comunidade cient\u00edfica.<\/p>\n<p>O Centro de Pesquisa para Inova\u00e7\u00e3o em G\u00e1s Natural ter\u00e1 sede na Escola Polit\u00e9cnica (Poli) da USP e ser\u00e1 coordenado por Julio Meneghini, professor da institui\u00e7\u00e3o, e Alexandre Breda, gerente de Projetos Ambientais do BG Group. A proposta foi selecionada no \u00e2mbito de chamada conjunta da FAPESP e da BG Brasil e as pesquisas ser\u00e3o conduzidas em parceria entre pesquisadores da Poli, dos institutos de Energia e Ambiente (IEE) e de Qu\u00edmica (IQ) da USP de S\u00e3o Carlos, da Faculdade de Direito do Largo de S\u00e3o Francisco, do Instituto de Pesquisas Energ\u00e9ticas e Nucleares (Ipen) e de engenheiros da BG Brasil.<\/p>\n<p>Tamb\u00e9m s\u00e3o institui\u00e7\u00f5es associadas \u00e0 iniciativa o Sustainable Gas Institute do Imperial College London, a University College London,\u00a0 a University of Cambridge e a University of Leeds, todos no Reino Unido; a University of Illinois at Urbana-Champaign e a Texas A&amp;M University, nos Estados Unidos; a Technische Universitaet Darmstadt, na Alemanha; e a Universit\u00e9 de Lyon, na Fran\u00e7a.<\/p>\n<p>Para Jos\u00e9 Goldemberg, presidente da FAPESP, trata-se de um marco da participa\u00e7\u00e3o brasileira no que ele chamou de \u201crevolu\u00e7\u00e3o energ\u00e9tica global\u201d.<\/p>\n<p>\u201cO mundo vive uma revolu\u00e7\u00e3o que deve culminar no amplo desenvolvimento de fontes renov\u00e1veis de energia, mas n\u00f3s ainda n\u00e3o chegamos l\u00e1. Nesse cen\u00e1rio, o g\u00e1s natural se apresenta como uma transi\u00e7\u00e3o por ser o mais limpo dos combust\u00edveis f\u00f3sseis. A FAPESP, ao lado da BG Brasil, financia uma iniciativa de propor\u00e7\u00f5es compat\u00edveis com os desafios e os potenciais que S\u00e3o Paulo tem de gerar energia limpa. A Funda\u00e7\u00e3o acredita no papel do conhecimento cient\u00edfico nessa revolu\u00e7\u00e3o\u201d, declarou.<\/p>\n<p>Para Adam Hillier, diretor de Tecnologia do BG Group, a cria\u00e7\u00e3o do Centro de Pesquisa para Inova\u00e7\u00e3o em G\u00e1s Natural poder\u00e1 prover solu\u00e7\u00f5es importantes a todos os parceiros envolvidos.<\/p>\n<p>\u201cA expertise do BG Group em g\u00e1s natural est\u00e1 se unindo a esfor\u00e7os de pesquisa de diferentes \u00e1reas nas quais S\u00e3o Paulo \u00e9 l\u00edder no cen\u00e1rio cient\u00edfico global. Dessa forma, a parceria tem o potencial de desenvolver pesquisa brasileira de classe mundial e proporcionar aplica\u00e7\u00f5es reais na ind\u00fastria, como no pr\u00e9-sal e no enfrentamento de desafios muito particulares, como o aumento da efici\u00eancia e o desenvolvimento de novos conceitos de propuls\u00e3o h\u00edbrida para frotas de navios de metano.\u201d<\/p>\n<p>Ricardo Toledo Silva, secret\u00e1rio adjunto de Energia e Minera\u00e7\u00e3o do Estado de S\u00e3o Paulo, destacou na ocasi\u00e3o a import\u00e2ncia do g\u00e1s natural frente aos desafios que as fontes renov\u00e1veis de energia ainda enfrentam.<\/p>\n<p>\u201c\u00c9 urgente o crescimento das fontes renov\u00e1veis na matriz energ\u00e9tica, mas elas ainda enfrentam um problema em comum que \u00e9 o de interrup\u00e7\u00e3o \u2013 como a biomassa, cuja disponibilidade \u00e9 sazonal, e as energias solar e e\u00f3lica, sujeitas a ciclos di\u00e1rios de instabilidade. H\u00e1 v\u00e1rias \u00e1reas de pesquisa interessadas em resolver esses problemas e em desenvolver solu\u00e7\u00f5es para, por exemplo, estocar o ac\u00famulo da energia gerada. At\u00e9 l\u00e1, \u00e9 de extrema import\u00e2ncia o investimento no crescimento do g\u00e1s natural como uma fonte de transi\u00e7\u00e3o para a demanda energ\u00e9tica.\u201d<\/p>\n<p>Coopera\u00e7\u00e3o<\/p>\n<p>De acordo com Carlos Henrique de Brito Cruz, diretor cient\u00edfico da FAPESP, a parceria entre a institui\u00e7\u00e3o e a BG Brasil ampliar\u00e1 a competitividade do Estado de S\u00e3o Paulo na \u00e1rea por meio da coopera\u00e7\u00e3o entre diferentes setores.<\/p>\n<p>\u201cAl\u00e9m de tornar a matriz energ\u00e9tica brasileira, em particular a paulista, ainda mais alinhada \u00e0s pol\u00edticas que propiciem uma substancial diminui\u00e7\u00e3o das emiss\u00f5es de gases de efeito estufa, o esfor\u00e7o conjunto que levou \u00e0 cria\u00e7\u00e3o do Centro de Pesquisa para Inova\u00e7\u00e3o em G\u00e1s Natural envolve pesquisadores da universidade e da ind\u00fastria e um pool de estudantes em uma rede de conex\u00f5es internacionais de grande import\u00e2ncia ao desenvolvimento do conhecimento cient\u00edfico. Este \u00e9 um diferencial da parceria: n\u00e3o se trata de uma companhia utilizando pesquisadores da universidade, mas de cientistas trabalhando juntos.\u201d<\/p>\n<p>A coopera\u00e7\u00e3o entre a universidade e a ind\u00fastria foi celebrada por Marco Antonio Zago, reitor da USP, que destacou a participa\u00e7\u00e3o de um conjunto de pesquisadores da institui\u00e7\u00e3o no desenvolvimento do Centro.<\/p>\n<p>\u201cEsta iniciativa, voltada a uma \u00e1rea estrat\u00e9gica n\u00e3o s\u00f3 para S\u00e3o Paulo, evidencia que a universidade desempenha um papel importante nas ci\u00eancias b\u00e1sicas e tamb\u00e9m representa um lugar fundamental para a coopera\u00e7\u00e3o entre a pesquisa e a ind\u00fastria. Foram tr\u00eas anos de um extenso trabalho entre pesquisadores da USP e da BG Brasil que resultaram em uma parceria capaz de oferecer solu\u00e7\u00f5es completas aos desafios energ\u00e9ticos com os quais o Brasil e o mundo lidam.\u201d<\/p>\n<p>Desafios<\/p>\n<p>Al\u00e9m de ampliar a presen\u00e7a do g\u00e1s natural na matriz energ\u00e9tica do Estado de S\u00e3o Paulo e do Brasil, est\u00e3o entre os objetivos do Centro de Pesquisa para Inova\u00e7\u00e3o em G\u00e1s Natural enfrentar os desafios relacionados \u00e0 separa\u00e7\u00e3o e ao transporte de g\u00e1s natural a partir da bacia do pr\u00e9-sal de Santos at\u00e9 a costa, mitigar CO2, CH4 e outros gases de efeito estufa, aumentar a efici\u00eancia dos processos de combust\u00e3o, promover a produ\u00e7\u00e3o de biog\u00e1s e a integra\u00e7\u00e3o de sua produ\u00e7\u00e3o \u00e0 rede de g\u00e1s natural paulista e desenvolver sistemas de armazenamento inovadores e de pouco peso.<\/p>\n<p>De acordo com Meneghini, os desafios ser\u00e3o divididos em tr\u00eas grandes programas: Engenharia, F\u00edsico-Qu\u00edmica e Pol\u00edtica Energ\u00e9tica e Economia.<\/p>\n<p>No \u00e2mbito do Programa de Engenharia, ser\u00e1 tratada a pesquisa cient\u00edfica e tecnol\u00f3gica focada na promo\u00e7\u00e3o de energia de baixo carbono, incluindo geradores de g\u00e1s natural em pequena escala, combust\u00edveis de g\u00e1s natural e hidrog\u00eanio para o transporte, abordando quest\u00f5es t\u00e9cnicas em torno da produ\u00e7\u00e3o e do manuseio de combust\u00edveis misturados e o desenvolvimento de c\u00f3digos e normas. Tamb\u00e9m ser\u00e3o abordados o uso de g\u00e1s natural no transporte mar\u00edtimo e oportunidades para minimizar emiss\u00f5es de metano e perdas de abastecimento de g\u00e1s.<\/p>\n<p>\u201cNesse contexto, as pesquisas buscar\u00e3o, entre outros objetivos, o desenvolvimento de um queimador de g\u00e1s natural avan\u00e7ado utilizando o conceito oxicombust\u00edvel, um Laborat\u00f3rio de Diagn\u00f3stico Avan\u00e7ado para a combust\u00e3o a diesel e g\u00e1s natural, otimiza\u00e7\u00e3o do projeto de sistemas de armazenamento de g\u00e1s natural absorvido e um projeto conceitual de transportes h\u00edbridos de for\u00e7a baseados em g\u00e1s natural para navios, al\u00e9m de simula\u00e7\u00e3o num\u00e9rica e modelagem de engenharia e f\u00edsico-qu\u00edmica\u201d, contou Meneghini.<\/p>\n<p>No \u00e2mbito do Programa de F\u00edsica e Qu\u00edmica, ser\u00e3o realizadas pesquisas focadas na gera\u00e7\u00e3o de energia de baixo carbono, substitui\u00e7\u00e3o de combust\u00edveis e de transportes, al\u00e9m de novas aplica\u00e7\u00f5es para o g\u00e1s, desenvolvendo a capacidade de reduzir o impacto ambiental da combust\u00e3o de g\u00e1s natural. Entre os projetos na \u00e1rea est\u00e3o o desenvolvimento de um queimador de g\u00e1s natural avan\u00e7ado usando o conceito de oxida\u00e7\u00e3o sem chama e de pilhas de combust\u00edvel para funcionamento a g\u00e1s natural.<\/p>\n<p>Por fim, o Programa de Pol\u00edtica Energ\u00e9tica e Economia tratar\u00e1 da promo\u00e7\u00e3o de infraestrutura e de pol\u00edticas de incentivo \u00e0 utiliza\u00e7\u00e3o de g\u00e1s, incluindo medidas para o desenvolvimento de g\u00e1s em sistemas de energia.<\/p>\n<p>\u201cO programa ter\u00e1 foco no desenvolvimento do g\u00e1s como fonte de energia-chave, demonstrando como este combust\u00edvel pode ser integrado a sistemas de energia no contexto brasileiro emergente, tratando ainda da constitui\u00e7\u00e3o de cadeias de fornecimento de g\u00e1s natural para \u00e1reas remotas, entre outros objetivos\u201d, disse Meneghini.<\/p>\n<div class=\"wrap-content\"><\/div>\n","protected":false},"excerpt":{"rendered":"<p>Diego Freire | Ag\u00eancia FAPESP \u2013 Para contribuir com a amplia\u00e7\u00e3o da participa\u00e7\u00e3o do g\u00e1s natural na matriz energ\u00e9tica brasileira e com a mitiga\u00e7\u00e3o das emiss\u00f5es de gases de efeito estufa nas pr\u00f3ximas d\u00e9cadas, entre outros objetivos, a FAPESP e a BG Brasil, empresa do BG Group, criaram o Centro de Pesquisa para Inova\u00e7\u00e3o em [&hellip;]<\/p>\n","protected":false},"author":2,"featured_media":34864,"comment_status":"open","ping_status":"closed","sticky":false,"template":"","format":"standard","meta":{"tdm_status":"","tdm_grid_status":"","footnotes":""},"categories":[22],"tags":[],"class_list":{"0":"post-78256","1":"post","2":"type-post","3":"status-publish","4":"format-standard","5":"has-post-thumbnail","7":"category-brasil"},"_links":{"self":[{"href":"https:\/\/migracao.redenoticia.com.br\/noticia\/wp-json\/wp\/v2\/posts\/78256","targetHints":{"allow":["GET"]}}],"collection":[{"href":"https:\/\/migracao.redenoticia.com.br\/noticia\/wp-json\/wp\/v2\/posts"}],"about":[{"href":"https:\/\/migracao.redenoticia.com.br\/noticia\/wp-json\/wp\/v2\/types\/post"}],"author":[{"embeddable":true,"href":"https:\/\/migracao.redenoticia.com.br\/noticia\/wp-json\/wp\/v2\/users\/2"}],"replies":[{"embeddable":true,"href":"https:\/\/migracao.redenoticia.com.br\/noticia\/wp-json\/wp\/v2\/comments?post=78256"}],"version-history":[{"count":0,"href":"https:\/\/migracao.redenoticia.com.br\/noticia\/wp-json\/wp\/v2\/posts\/78256\/revisions"}],"wp:featuredmedia":[{"embeddable":true,"href":"https:\/\/migracao.redenoticia.com.br\/noticia\/wp-json\/wp\/v2\/media\/34864"}],"wp:attachment":[{"href":"https:\/\/migracao.redenoticia.com.br\/noticia\/wp-json\/wp\/v2\/media?parent=78256"}],"wp:term":[{"taxonomy":"category","embeddable":true,"href":"https:\/\/migracao.redenoticia.com.br\/noticia\/wp-json\/wp\/v2\/categories?post=78256"},{"taxonomy":"post_tag","embeddable":true,"href":"https:\/\/migracao.redenoticia.com.br\/noticia\/wp-json\/wp\/v2\/tags?post=78256"}],"curies":[{"name":"wp","href":"https:\/\/api.w.org\/{rel}","templated":true}]}}