{"id":78258,"date":"2015-12-02T18:04:30","date_gmt":"2015-12-02T20:04:30","guid":{"rendered":"http:\/\/www.redenoticia.com.br\/noticia\/?p=78258"},"modified":"2015-12-02T18:04:30","modified_gmt":"2015-12-02T20:04:30","slug":"fatecs-divulgam-locais-de-exame-para-o-vestibular","status":"publish","type":"post","link":"https:\/\/migracao.redenoticia.com.br\/noticia\/2015\/fatecs-divulgam-locais-de-exame-para-o-vestibular\/78258","title":{"rendered":"Fatecs divulgam locais de exame para o Vestibular"},"content":{"rendered":"<p>Mais de 68 mil inscritos no <em><strong>Vestibular 2016 das Fatecs<\/strong><\/em> (Faculdades de Tecnologia do Estado de S\u00e3o Paulo) far\u00e3o a prova neste domingo (6) \u00e0s 13 horas, que ter\u00e1 cinco horas de dura\u00e7\u00e3o. Os candidatos podem conferir a lista de locais do exame no\u00a0\u00a0ou na unidade em que pretendem estudar.<\/p>\n<p>Os port\u00f5es das escolas ser\u00e3o abertos \u00e0s 12h15 e fechados \u00e0s 13 horas. Ap\u00f3s esse hor\u00e1rio n\u00e3o ser\u00e1 permitida a entrada de nenhum vestibulando.<\/p>\n<p>O que levar no dia do exame<br \/>\nPara fazer a prova, \u00e9 preciso levar caneta esferogr\u00e1fica de tinta preta ou azul, l\u00e1pis preto n\u00ba 2, borracha, e o original de um dos seguintes documentos: c\u00e9dula de identidade (RG); c\u00e9dula de identidade de estrangeiros (RNE) dentro da validade; carteira nacional de habilita\u00e7\u00e3o (CNH) com foto, dentro da validade; documento expedido por ordens ou conselhos profissionais, dentro da validade, que por lei federal, valem como documento de identidade (exemplo: OAB, Coren e Crea, entre outros); carteira de trabalho e previd\u00eancia social (CTPS) ou passaporte brasileiro, dentro do prazo de validade.<\/p>\n<p>Como ser\u00e1 o exame<br \/>\nA prova ter\u00e1 uma reda\u00e7\u00e3o e 54 quest\u00f5es de m\u00faltipla escolha, cada uma com cinco alternativas. Desse total, 40 quest\u00f5es abordam o n\u00facleo comum do Ensino M\u00e9dio &#8211; ser\u00e3o 5 perguntas de cada uma das 8 disciplinas: biologia, f\u00edsica, geografia, hist\u00f3ria, ingl\u00eas, matem\u00e1tica, qu\u00edmica e portugu\u00eas. Outras 5 quest\u00f5es envolvem racioc\u00ednio l\u00f3gico e as nove quest\u00f5es restantes abrangem conte\u00fado multidisciplinar. Quanto ao peso da prova, oito conjuntos de quest\u00f5es ter\u00e3o peso 1 e dois conjuntos, peso 2, conforme o eixo tecnol\u00f3gico a que pertence o curso escolhido pelo candidato.<\/p>\n<p>O gabarito oficial da prova ser\u00e1 divulgado no dia 6 de dezembro, a partir das 18h30, nos sites do\u00a0\u00a0e do\u00a0.<\/p>\n<p>SERVI\u00c7O<br \/>\nOutras informa\u00e7\u00f5es pelos telefones (11) 3471-4103 (Capital e Grande S\u00e3o Paulo) e 0800-596 9696 (demais localidades) ou pelo\u00a0.<\/p>\n<p>Do Portal do Governo do Estado SP<\/p>\n<div class=\"wrap-content\"><\/div>\n","protected":false},"excerpt":{"rendered":"<p>Mais de 68 mil inscritos no Vestibular 2016 das Fatecs (Faculdades de Tecnologia do Estado de S\u00e3o Paulo) far\u00e3o a prova neste domingo (6) \u00e0s 13 horas, que ter\u00e1 cinco horas de dura\u00e7\u00e3o. Os candidatos podem conferir a lista de locais do exame no\u00a0\u00a0ou na unidade em que pretendem estudar. Os port\u00f5es das escolas ser\u00e3o [&hellip;]<\/p>\n","protected":false},"author":2,"featured_media":36244,"comment_status":"open","ping_status":"closed","sticky":false,"template":"","format":"standard","meta":{"tdm_status":"","tdm_grid_status":"","footnotes":""},"categories":[22,370,295],"tags":[],"class_list":{"0":"post-78258","1":"post","2":"type-post","3":"status-publish","4":"format-standard","5":"has-post-thumbnail","7":"category-brasil","8":"category-inscricao","9":"category-vestibular"},"_links":{"self":[{"href":"https:\/\/migracao.redenoticia.com.br\/noticia\/wp-json\/wp\/v2\/posts\/78258","targetHints":{"allow":["GET"]}}],"collection":[{"href":"https:\/\/migracao.redenoticia.com.br\/noticia\/wp-json\/wp\/v2\/posts"}],"about":[{"href":"https:\/\/migracao.redenoticia.com.br\/noticia\/wp-json\/wp\/v2\/types\/post"}],"author":[{"embeddable":true,"href":"https:\/\/migracao.redenoticia.com.br\/noticia\/wp-json\/wp\/v2\/users\/2"}],"replies":[{"embeddable":true,"href":"https:\/\/migracao.redenoticia.com.br\/noticia\/wp-json\/wp\/v2\/comments?post=78258"}],"version-history":[{"count":0,"href":"https:\/\/migracao.redenoticia.com.br\/noticia\/wp-json\/wp\/v2\/posts\/78258\/revisions"}],"wp:featuredmedia":[{"embeddable":true,"href":"https:\/\/migracao.redenoticia.com.br\/noticia\/wp-json\/wp\/v2\/media\/36244"}],"wp:attachment":[{"href":"https:\/\/migracao.redenoticia.com.br\/noticia\/wp-json\/wp\/v2\/media?parent=78258"}],"wp:term":[{"taxonomy":"category","embeddable":true,"href":"https:\/\/migracao.redenoticia.com.br\/noticia\/wp-json\/wp\/v2\/categories?post=78258"},{"taxonomy":"post_tag","embeddable":true,"href":"https:\/\/migracao.redenoticia.com.br\/noticia\/wp-json\/wp\/v2\/tags?post=78258"}],"curies":[{"name":"wp","href":"https:\/\/api.w.org\/{rel}","templated":true}]}}