{"id":78260,"date":"2015-12-02T18:05:58","date_gmt":"2015-12-02T20:05:58","guid":{"rendered":"http:\/\/www.redenoticia.com.br\/noticia\/?p=78260"},"modified":"2015-12-02T18:05:58","modified_gmt":"2015-12-02T20:05:58","slug":"estado-sp-prorroga-isencao-de-icms-para-taxistas-ate-2017","status":"publish","type":"post","link":"https:\/\/migracao.redenoticia.com.br\/noticia\/2015\/estado-sp-prorroga-isencao-de-icms-para-taxistas-ate-2017\/78260","title":{"rendered":"Estado SP prorroga Isen\u00e7\u00e3o de ICMS para taxistas at\u00e9 2017"},"content":{"rendered":"<p>O governador Geraldo Alckmin assinou o decreto que prorroga at\u00e9 2017 a <em><strong>isen\u00e7\u00e3o do ICMS<\/strong><\/em> concedida na aquisi\u00e7\u00e3o de ve\u00edculos utilizados como t\u00e1xi. A medida beneficia os taxistas profissionais aut\u00f4nomos e tamb\u00e9m os que atuam como Microempreendedor Individual (MEI) no Estado de S\u00e3o Paulo.<\/p>\n<p>&#8220;O decreto ia vencer agora no fim do ano e n\u00f3s estamos prorrogando at\u00e9 2017. Isso \u00e9 bom para o taxista, que vai poder trocar seu carro por um 0 km, \u00e9 bom para a ind\u00fastria, que est\u00e1 precisando vender carro e, principalmente, \u00e9 bom para o usu\u00e1rio, que vai poder usar carros novos, confort\u00e1veis e com seguran\u00e7a&#8221;, disse Alckmin.<\/p>\n<p>A isen\u00e7\u00e3o do imposto sobre ve\u00edculos, que tem al\u00edquota de 12% em S\u00e3o Paulo, ter\u00e1 vig\u00eancia at\u00e9 31 de mar\u00e7o de 2017 para as sa\u00eddas promovidas pelos fabricantes de autom\u00f3vel, e at\u00e9 30 de abril de 2017 para as vendas realizadas pelos estabelecimentos concession\u00e1rios.<\/p>\n<p>A medida foi autorizada pelo Conselho Nacional de Pol\u00edtica Fazend\u00e1ria (Confaz) por meio do Conv\u00eanio ICMS-107\/15. Para usufruir da isen\u00e7\u00e3o, dentre outras condi\u00e7\u00f5es previstas pelo decreto, \u00e9 necess\u00e1rio que o profissional exer\u00e7a h\u00e1 pelo menos um ano a atividade de condutor aut\u00f4nomo de autom\u00f3vel de passageiros na categoria de aluguel (t\u00e1xi) e que n\u00e3o tenha comprado nos \u00faltimos dois anos ve\u00edculo com isen\u00e7\u00e3o ou redu\u00e7\u00e3o do ICMS.<\/p>\n<p>Al\u00e9m disso, para adquirir um autom\u00f3vel utilizando o benef\u00edcio, o taxista dever\u00e1 apresentar comprova\u00e7\u00e3o de que possui licen\u00e7a para o exerc\u00edcio da atividade de servi\u00e7o de t\u00e1xi. Tamb\u00e9m \u00e9 necess\u00e1ria c\u00f3pia da autoriza\u00e7\u00e3o expedida pela Receita Federal do Brasil concedendo isen\u00e7\u00e3o do Imposto sobre Produtos Industrializados (IPI).<\/p>\n<p>Do Portal do Governo do Estado SP<\/p>\n","protected":false},"excerpt":{"rendered":"<p>O governador Geraldo Alckmin assinou o decreto que prorroga at\u00e9 2017 a isen\u00e7\u00e3o do ICMS concedida na aquisi\u00e7\u00e3o de ve\u00edculos utilizados como t\u00e1xi. A medida beneficia os taxistas profissionais aut\u00f4nomos e tamb\u00e9m os que atuam como Microempreendedor Individual (MEI) no Estado de S\u00e3o Paulo. &#8220;O decreto ia vencer agora no fim do ano e n\u00f3s [&hellip;]<\/p>\n","protected":false},"author":2,"featured_media":28951,"comment_status":"open","ping_status":"closed","sticky":false,"template":"","format":"standard","meta":{"tdm_status":"","tdm_grid_status":"","footnotes":""},"categories":[22],"tags":[],"class_list":{"0":"post-78260","1":"post","2":"type-post","3":"status-publish","4":"format-standard","5":"has-post-thumbnail","7":"category-brasil"},"_links":{"self":[{"href":"https:\/\/migracao.redenoticia.com.br\/noticia\/wp-json\/wp\/v2\/posts\/78260","targetHints":{"allow":["GET"]}}],"collection":[{"href":"https:\/\/migracao.redenoticia.com.br\/noticia\/wp-json\/wp\/v2\/posts"}],"about":[{"href":"https:\/\/migracao.redenoticia.com.br\/noticia\/wp-json\/wp\/v2\/types\/post"}],"author":[{"embeddable":true,"href":"https:\/\/migracao.redenoticia.com.br\/noticia\/wp-json\/wp\/v2\/users\/2"}],"replies":[{"embeddable":true,"href":"https:\/\/migracao.redenoticia.com.br\/noticia\/wp-json\/wp\/v2\/comments?post=78260"}],"version-history":[{"count":0,"href":"https:\/\/migracao.redenoticia.com.br\/noticia\/wp-json\/wp\/v2\/posts\/78260\/revisions"}],"wp:featuredmedia":[{"embeddable":true,"href":"https:\/\/migracao.redenoticia.com.br\/noticia\/wp-json\/wp\/v2\/media\/28951"}],"wp:attachment":[{"href":"https:\/\/migracao.redenoticia.com.br\/noticia\/wp-json\/wp\/v2\/media?parent=78260"}],"wp:term":[{"taxonomy":"category","embeddable":true,"href":"https:\/\/migracao.redenoticia.com.br\/noticia\/wp-json\/wp\/v2\/categories?post=78260"},{"taxonomy":"post_tag","embeddable":true,"href":"https:\/\/migracao.redenoticia.com.br\/noticia\/wp-json\/wp\/v2\/tags?post=78260"}],"curies":[{"name":"wp","href":"https:\/\/api.w.org\/{rel}","templated":true}]}}