{"id":78262,"date":"2015-12-02T18:07:25","date_gmt":"2015-12-02T20:07:25","guid":{"rendered":"http:\/\/www.redenoticia.com.br\/noticia\/?p=78262"},"modified":"2015-12-02T18:07:25","modified_gmt":"2015-12-02T20:07:25","slug":"ans-lanca-aplicativo-para-facilitar-pesquisa-sobre-planos-de-saude","status":"publish","type":"post","link":"https:\/\/migracao.redenoticia.com.br\/noticia\/2015\/ans-lanca-aplicativo-para-facilitar-pesquisa-sobre-planos-de-saude\/78262","title":{"rendered":"ANS lan\u00e7a aplicativo para facilitar pesquisa sobre planos de sa\u00fade"},"content":{"rendered":"<p>A Ag\u00eancia Nacional de Sa\u00fade Suplementar (ANS) lan\u00e7ou nova ferramenta,\u00a0denominada o \u00a0que permite a pesquisa sobre procedimentos realizados por benefici\u00e1rios de <strong><em>planos de sa\u00fade<\/em><\/strong> em todo o pa\u00eds. O sistema possibilita acesso a dados sobre a quantidade de procedimentos realizados por m\u00e9dicos, laborat\u00f3rios, cl\u00ednicas e hospitais conveniados a operadoras de planos de sa\u00fade e a visualiza\u00e7\u00e3o dos gastos com despesas assistenciais nos hospitais de todo o pa\u00eds, separando por estados, sexo do benefici\u00e1rio e porte da operadora.<\/p>\n<p>A informa\u00e7\u00e3o foi dada \u00e0 Ag\u00eancia Brasil, pela diretora de Desenvolvimento Setorial da Ag\u00eancia Nacional de Sa\u00fade Suplementar (ANS), Martha Oliveira, que participou, no centro do Rio de Janeiro, do semin\u00e1rio internacional A Organiza\u00e7\u00e3o da Presta\u00e7\u00e3o de Servi\u00e7os e Financiamento em Sa\u00fade: perspectivas no Brasil e no mundo\u201d. O encontro reuniu institui\u00e7\u00f5es nacionais e internacionais que apresentaram suas experi\u00eancias sobre modelos de presta\u00e7\u00e3o de servi\u00e7os e de financiamento em sa\u00fade.<\/p>\n<p>O  j\u00e1 pode ser acessado a partir de duas \u00e1reas do portal da ANS: Espa\u00e7o da Qualidade e Dados do Setor. Trata-se de desdobramento do Padr\u00e3o TISS, com informa\u00e7\u00f5es apresentadas em um formato de f\u00e1cil acesso, dispon\u00edvel para o p\u00fablico em geral. Entre as vantagens da implanta\u00e7\u00e3o do novo sistema, Martha Oliveira, destacou o fato de que ele vai propiciar a padroniza\u00e7\u00e3o de todas as trocas de informa\u00e7\u00f5es e dos procedimentos em sa\u00fade suplementar no pa\u00eds.<\/p>\n<p>\u201cA gente vem reorganizando o setor h\u00e1 quase uma d\u00e9cada. Antes cada hospital ou agente de sa\u00fade passava para a operadora a guia de forma diferenciada, sem padr\u00e3o e sem que as comunica\u00e7\u00f5es sobre os procedimentos falassem entre si. Com a implanta\u00e7\u00e3o do TISS [que acabou gerando o sistema D-TISS], ao longo dos \u00faltimos de 8 anos, passamos a receber, a partir do ano passado, todos os dados padronizados\u201d, disse Martha.<\/p>\n<p>Segundo ela, durante este ano a ANS passou a organizar todo o sistema para melhor ler e entender os dados fornecidos. \u201cPela primeira vez, vamos ter uma radiografia dos atendimento hospitalares na sa\u00fade suplementar. Tudo o que foi feito, onde e por que foi feito, em que lugar e a que custo\u201d.<\/p>\n<p>Martha Oliveira ressaltou que o sistema ainda se encontra \u201cem uma vers\u00e3o\u2013teste\u201d, mas que agora, pela primeira vez, as informa\u00e7\u00f5es est\u00e3o sendo disponibilizadas de forma unificada para o setor. \u201cApesar de ainda ser uma vers\u00e3o\u2013teste, todo m\u00eas n\u00f3s vamos colocando mais procedimentos. A ideia \u00e9 que ela sirva para se ter uma ideia geral do setor e acabe sendo transformada na vers\u00e3o final\u201d, disse.<\/p>\n<p>A base de dados do aplicativo D-TISS conta tamb\u00e9m com indicadores internacionais de pa\u00edses que integram a Organiza\u00e7\u00e3o para Coopera\u00e7\u00e3o e Desenvolvimento Econ\u00f4mico (OCDE), formada por mais de 30 na\u00e7\u00f5es, incluindo o Brasil. \u201cEssa \u00e9 a primeira vez que planos de sa\u00fade, prestadores de servi\u00e7os e consumidores t\u00eam acesso aos dados epidemiol\u00f3gicos e financeiros de forma detalhada em uma \u00fanica \u00e1rea. O D-TISS \u00e9 uma importante ferramenta de acesso a informa\u00e7\u00f5es e mais um incentivo da ANS em prol da transpar\u00eancia de dados do setor, beneficiando a pesquisa sobre os procedimentos realizados na sa\u00fade suplementar\u201d, afirmou a diretora de Desenvolvimento Setorial da Ag\u00eancia.<\/p>\n<p>\u201cCom ela, \u00e9 poss\u00edvel n\u00e3o s\u00f3 conhecer melhor o mercado de planos de sa\u00fade como tamb\u00e9m ter uma vis\u00e3o panor\u00e2mica do setor, permitindo compara\u00e7\u00e3o de dados com distribui\u00e7\u00e3o geogr\u00e1fica, algo estrat\u00e9gico para a sa\u00fade suplementar\u201d, concluiu. Em rela\u00e7\u00e3o \u00e0 vis\u00e3o financeira, as informa\u00e7\u00f5es disponibilizadas indicam, ainda, que o D-TISS permite o acesso aos valores da despesa m\u00ednima, m\u00e9dia e m\u00e1xima dos procedimentos, com a possibilidade de gera\u00e7\u00e3o de um gr\u00e1fico produzido a partir dos dados dispon\u00edveis no sistema informa\u00e7\u00e3o. \u201cOs filtros por estado, faixa et\u00e1ria, sexo, porte da operadora e compet\u00eancia tamb\u00e9m poder\u00e3o ser utilizados\u201d.<\/p>\n<p>Mesmo em fase de teste, o D-TISS disponibiliza um conjunto de informa\u00e7\u00f5es relativas a operadoras selecionadas, a partir da qualidade e consist\u00eancia dos dados assistenciais e financeiros, com 57 procedimentos de cobertura obrigat\u00f3ria pelo rol da ANS. A ideia \u00e9 que, gradativamente, sejam inclu\u00eddos no sistema os dados de mais operadoras e novos procedimentos. A apresenta\u00e7\u00e3o de informa\u00e7\u00f5es de indicadores nacionais e internacionais relacionados aos procedimentos \u201cbusca integrar os dados de utiliza\u00e7\u00e3o dos servi\u00e7os de sa\u00fade com uma base t\u00e9cnico-cientifica que apoie a tomada de decis\u00e3o de todos os agentes, propiciando uma vis\u00e3o ampla do setor e compartilhamento de conhecimentos sobre a \u00e1rea\u201d, informou a ANS.<\/p>\n<p>O lan\u00e7amento do novo aplicativo faz parte de uma s\u00e9rie de medidas em prol da transpar\u00eancia das informa\u00e7\u00f5es da sa\u00fade suplementar. Em novembro, a ag\u00eancia publicou a Resolu\u00e7\u00e3o Normativa n\u00ba 389, que obriga as operadoras a criar \u00e1reas em seus portais para divulga\u00e7\u00e3o de informa\u00e7\u00f5es para os contratantes de planos de sa\u00fade. \u201cPara cumprir essa normativa, a partir de 2016, as operadoras de planos de sa\u00fade dever\u00e3o criar, em seus portais na internet, uma \u00e1rea exclusiva com informa\u00e7\u00f5es individualizadas do benefici\u00e1rio de plano de sa\u00fade e uma \u00e1rea destinada \u00e0s empresas contratantes de planos coletivos.<\/p>\n<p>Nielmar de Oliveira \u2013 Rep\u00f3rter da Ag\u00eancia Brasil<br \/>\nEdi\u00e7\u00e3o: Jos\u00e9 Romildo<br \/>\n02\/12\/2015<\/p>\n","protected":false},"excerpt":{"rendered":"<p>A Ag\u00eancia Nacional de Sa\u00fade Suplementar (ANS) lan\u00e7ou nova ferramenta,\u00a0denominada o \u00a0que permite a pesquisa sobre procedimentos realizados por benefici\u00e1rios de planos de sa\u00fade em todo o pa\u00eds. O sistema possibilita acesso a dados sobre a quantidade de procedimentos realizados por m\u00e9dicos, laborat\u00f3rios, cl\u00ednicas e hospitais conveniados a operadoras de planos de sa\u00fade e a [&hellip;]<\/p>\n","protected":false},"author":2,"featured_media":37419,"comment_status":"open","ping_status":"closed","sticky":false,"template":"","format":"standard","meta":{"tdm_status":"","tdm_grid_status":"","footnotes":""},"categories":[22,5],"tags":[],"class_list":{"0":"post-78262","1":"post","2":"type-post","3":"status-publish","4":"format-standard","5":"has-post-thumbnail","7":"category-brasil","8":"category-saude-e-vida"},"_links":{"self":[{"href":"https:\/\/migracao.redenoticia.com.br\/noticia\/wp-json\/wp\/v2\/posts\/78262","targetHints":{"allow":["GET"]}}],"collection":[{"href":"https:\/\/migracao.redenoticia.com.br\/noticia\/wp-json\/wp\/v2\/posts"}],"about":[{"href":"https:\/\/migracao.redenoticia.com.br\/noticia\/wp-json\/wp\/v2\/types\/post"}],"author":[{"embeddable":true,"href":"https:\/\/migracao.redenoticia.com.br\/noticia\/wp-json\/wp\/v2\/users\/2"}],"replies":[{"embeddable":true,"href":"https:\/\/migracao.redenoticia.com.br\/noticia\/wp-json\/wp\/v2\/comments?post=78262"}],"version-history":[{"count":0,"href":"https:\/\/migracao.redenoticia.com.br\/noticia\/wp-json\/wp\/v2\/posts\/78262\/revisions"}],"wp:featuredmedia":[{"embeddable":true,"href":"https:\/\/migracao.redenoticia.com.br\/noticia\/wp-json\/wp\/v2\/media\/37419"}],"wp:attachment":[{"href":"https:\/\/migracao.redenoticia.com.br\/noticia\/wp-json\/wp\/v2\/media?parent=78262"}],"wp:term":[{"taxonomy":"category","embeddable":true,"href":"https:\/\/migracao.redenoticia.com.br\/noticia\/wp-json\/wp\/v2\/categories?post=78262"},{"taxonomy":"post_tag","embeddable":true,"href":"https:\/\/migracao.redenoticia.com.br\/noticia\/wp-json\/wp\/v2\/tags?post=78262"}],"curies":[{"name":"wp","href":"https:\/\/api.w.org\/{rel}","templated":true}]}}