{"id":78264,"date":"2015-12-02T18:08:45","date_gmt":"2015-12-02T20:08:45","guid":{"rendered":"http:\/\/www.redenoticia.com.br\/noticia\/?p=78264"},"modified":"2015-12-02T18:08:45","modified_gmt":"2015-12-02T20:08:45","slug":"crise-atual-e-mais-dificil-de-superar-que-a-de-2008-diz-economista-da-cni","status":"publish","type":"post","link":"https:\/\/migracao.redenoticia.com.br\/noticia\/2015\/crise-atual-e-mais-dificil-de-superar-que-a-de-2008-diz-economista-da-cni\/78264","title":{"rendered":"Crise atual \u00e9 mais dif\u00edcil de superar que a de 2008, diz economista da CNI"},"content":{"rendered":"<p> O economista Fl\u00e1vio Castelo Branco, gerente de Pol\u00edtica Econ\u00f4mica da Confedera\u00e7\u00e3o Nacional da Ind\u00fastria (CNI), disse que superar a <strong><em>crise econ\u00f4mica<\/em><\/strong> atual ser\u00e1 mais dif\u00edcil que em 2008. Segundo ele, a de 2008 foi uma crise externa do setor financeiro internacional, &#8220;que repercutiu fortemente aqui com problemas de liquidez&#8221;.<\/p>\n<p>De acordo com o economista, na \u00e9poca, as a\u00e7\u00f5es de pol\u00edtica econ\u00f4mica acabaram revertendo a crise. &#8220;Hoje \u00e9 diferente. Temos uma crise dom\u00e9stica de natureza fiscal, junto a dificuldades de competitividade.&#8221;<\/p>\n<p>Castelo Branco falou sobre o assunto ao comentar os indicadores industriais de outubro, divulgados nesta ter\u00e7a-feira pela CNI. Os dados coletados pela entidade mostram queda no faturamento, emprego, horas trabalhadas e massa salarial na compara\u00e7\u00e3o com 2013 e 2014. Para o gerente da CNI, o fato de o governo ter mantido os gastos em alta e n\u00e3o ter solucionado a quest\u00e3o da competitividade no pa\u00eds contribuiu para a crise econ\u00f4mica de 2015.<\/p>\n<p>&#8220;As medidas de recupera\u00e7\u00e3o da demanda em 2009 se mostraram eficazes. Foram tipicamente antic\u00edclicas [nome dado a a\u00e7\u00f5es adotadas para enfrentar um ciclo econ\u00f4mico e que, em \u00e9poca de recess\u00e3o, envolvem est\u00edmulo ao consumo e aumento de gastos]. O problema foi continuar com elas mesmo depois que a economia brasileira j\u00e1 tinha se recuperado. Nosso problema n\u00e3o era mais de demanda, mas de competitividade. Terminou tendo um custo fiscal elevado para o Tesouro&#8221;, afirmou Fl\u00e1vio Castelo Branco.<\/p>\n<p>O economista tamb\u00e9m afirmou que o resultado do Produto Interno Bruto (PIB, soma dos bens e servi\u00e7os produzidos em um pa\u00eds), divulgado hoje pelo Instituto Brasileiro de Geografia e Estat\u00edstica (IBGE) ,&#8221;n\u00e3o surpreendeu&#8221;. Segundo o IBGE, o PIB brasileiro recuou 1,7% no terceiro trimestre do ano e o PIB espec\u00edfico da ind\u00fastria caiu 1,3%.<\/p>\n<p>Conforme Castelo Branco, a queda de investimentos na ind\u00fastria \u00e9 &#8220;expressiva&#8221;. &#8220;As quedas s\u00e3o bastante expressivas e a recupera\u00e7\u00e3o futura acaba sendo comprometida.&#8221;<\/p>\n<p>Castelo Branco acrescentou que o setor v\u00ea 2016 &#8220;com apreens\u00e3o&#8221;. &#8220;Os problemas de 2014 n\u00e3o foram solucionados em 2015. Muitos deles se agravaram e, como est\u00e3o sendo transferidos para 2016, vamos come\u00e7ar o pr\u00f3ximo ano com as mesas dificuldades presentes&#8221;, concluiu.<\/p>\n<p>Mariana Branco &#8211; Rep\u00f3rter da Ag\u00eancia Brasil<br \/>\nEdi\u00e7\u00e3o: Armando Cardoso<br \/>\n02\/12\/2015<\/p>\n","protected":false},"excerpt":{"rendered":"<p>O economista Fl\u00e1vio Castelo Branco, gerente de Pol\u00edtica Econ\u00f4mica da Confedera\u00e7\u00e3o Nacional da Ind\u00fastria (CNI), disse que superar a crise econ\u00f4mica atual ser\u00e1 mais dif\u00edcil que em 2008. Segundo ele, a de 2008 foi uma crise externa do setor financeiro internacional, &#8220;que repercutiu fortemente aqui com problemas de liquidez&#8221;. De acordo com o economista, na [&hellip;]<\/p>\n","protected":false},"author":2,"featured_media":57583,"comment_status":"open","ping_status":"closed","sticky":false,"template":"","format":"standard","meta":{"tdm_status":"","tdm_grid_status":"","footnotes":""},"categories":[22,7],"tags":[],"class_list":{"0":"post-78264","1":"post","2":"type-post","3":"status-publish","4":"format-standard","5":"has-post-thumbnail","7":"category-brasil","8":"category-economia"},"_links":{"self":[{"href":"https:\/\/migracao.redenoticia.com.br\/noticia\/wp-json\/wp\/v2\/posts\/78264","targetHints":{"allow":["GET"]}}],"collection":[{"href":"https:\/\/migracao.redenoticia.com.br\/noticia\/wp-json\/wp\/v2\/posts"}],"about":[{"href":"https:\/\/migracao.redenoticia.com.br\/noticia\/wp-json\/wp\/v2\/types\/post"}],"author":[{"embeddable":true,"href":"https:\/\/migracao.redenoticia.com.br\/noticia\/wp-json\/wp\/v2\/users\/2"}],"replies":[{"embeddable":true,"href":"https:\/\/migracao.redenoticia.com.br\/noticia\/wp-json\/wp\/v2\/comments?post=78264"}],"version-history":[{"count":0,"href":"https:\/\/migracao.redenoticia.com.br\/noticia\/wp-json\/wp\/v2\/posts\/78264\/revisions"}],"wp:featuredmedia":[{"embeddable":true,"href":"https:\/\/migracao.redenoticia.com.br\/noticia\/wp-json\/wp\/v2\/media\/57583"}],"wp:attachment":[{"href":"https:\/\/migracao.redenoticia.com.br\/noticia\/wp-json\/wp\/v2\/media?parent=78264"}],"wp:term":[{"taxonomy":"category","embeddable":true,"href":"https:\/\/migracao.redenoticia.com.br\/noticia\/wp-json\/wp\/v2\/categories?post=78264"},{"taxonomy":"post_tag","embeddable":true,"href":"https:\/\/migracao.redenoticia.com.br\/noticia\/wp-json\/wp\/v2\/tags?post=78264"}],"curies":[{"name":"wp","href":"https:\/\/api.w.org\/{rel}","templated":true}]}}