{"id":78266,"date":"2015-12-02T18:09:56","date_gmt":"2015-12-02T20:09:56","guid":{"rendered":"http:\/\/www.redenoticia.com.br\/noticia\/?p=78266"},"modified":"2015-12-02T18:09:56","modified_gmt":"2015-12-02T20:09:56","slug":"economia-fraca-pressiona-pedidos-de-recuperacoes-judiciais-diz-serasa","status":"publish","type":"post","link":"https:\/\/migracao.redenoticia.com.br\/noticia\/2015\/economia-fraca-pressiona-pedidos-de-recuperacoes-judiciais-diz-serasa\/78266","title":{"rendered":"Economia fraca pressiona pedidos de recupera\u00e7\u00f5es judiciais, diz Serasa"},"content":{"rendered":"<p> Os pedidos de <strong><em>recupera\u00e7\u00f5es judiciais<\/em><\/strong>, em novembro \u00faltimo, ultrapassaram o dobro do volume registrado em igual m\u00eas do ano passado, com alta de 114%, totalizando 112 requerimentos ante 57. Sobre outubro \u00faltimo, houve expans\u00e3o de 19,6% com 122 requerimentos ante 102. No acumulado do ano, as solicita\u00e7\u00f5es aumentaram 46,7% ao passar de 775 para 1.137 a\u00e7\u00f5es, o maior volume desde 2006, quando come\u00e7ou a vigorar a Nova Lei de Fal\u00eancias.<\/p>\n<p>Os dados s\u00e3o da pesquisa sobre o Indicador Serasa Experian de Fal\u00eancias e Recupera\u00e7\u00f5es. A maior demanda neste ano at\u00e9 novembro \u00faltimo foi de micro e pequenas empresas com um total de 589 pedidos. No mesmo per\u00edodo, as empresas de m\u00e9dio porte fizeram 327 solicita\u00e7\u00f5es e as de grande porte, 221. No m\u00eas passado, as micros e pequenas empresas entraram com 72 pedidos; as de m\u00e9dio de porte com 26 e as grandes com 24.<\/p>\n<p>Na an\u00e1lise dos economistas da Serasa Experian, esse crescimento \u00e9 consequ\u00eancia do desaquecimento da economia e do dinheiro mais caro. \u201cA amplia\u00e7\u00e3o do quadro recessivo da economia, o encarecimento das linhas de cr\u00e9dito \u00e0s empresas e os impactos da alta do d\u00f3lar sobre os custos produtivos est\u00e3o minando a capacidade financeira das empresas, impulsionando os requerimentos de recupera\u00e7\u00f5es judiciais\u201d, acrescentou a Serasa.<\/p>\n<p>J\u00e1 os pedidos de fal\u00eancias tiveram alta de 8,9% em novembro sobre o m\u00eas anterior totalizando 171 processos ante 157. Esse volume foi 33,6% maior do que em novembro de 2014 (128). No acumulado do ano, ocorreu um avan\u00e7o de 7,9% com 1.654 pedidos ante 1.533. Desse total, 850 foram de micro e pequenas empresas; 392 de m\u00e9dias empresas e 412 de grandes empresas.<\/p>\n<p>Marli Moreira \u2013 Rep\u00f3rter da Ag\u00eancia Brasil<br \/>\nEdi\u00e7\u00e3o: Jos\u00e9 Romildo<br \/>\n02\/12\/2015<\/p>\n","protected":false},"excerpt":{"rendered":"<p>Os pedidos de recupera\u00e7\u00f5es judiciais, em novembro \u00faltimo, ultrapassaram o dobro do volume registrado em igual m\u00eas do ano passado, com alta de 114%, totalizando 112 requerimentos ante 57. Sobre outubro \u00faltimo, houve expans\u00e3o de 19,6% com 122 requerimentos ante 102. No acumulado do ano, as solicita\u00e7\u00f5es aumentaram 46,7% ao passar de 775 para 1.137 [&hellip;]<\/p>\n","protected":false},"author":2,"featured_media":57582,"comment_status":"open","ping_status":"closed","sticky":false,"template":"","format":"standard","meta":{"tdm_status":"","tdm_grid_status":"","footnotes":""},"categories":[22,7],"tags":[],"class_list":{"0":"post-78266","1":"post","2":"type-post","3":"status-publish","4":"format-standard","5":"has-post-thumbnail","7":"category-brasil","8":"category-economia"},"_links":{"self":[{"href":"https:\/\/migracao.redenoticia.com.br\/noticia\/wp-json\/wp\/v2\/posts\/78266","targetHints":{"allow":["GET"]}}],"collection":[{"href":"https:\/\/migracao.redenoticia.com.br\/noticia\/wp-json\/wp\/v2\/posts"}],"about":[{"href":"https:\/\/migracao.redenoticia.com.br\/noticia\/wp-json\/wp\/v2\/types\/post"}],"author":[{"embeddable":true,"href":"https:\/\/migracao.redenoticia.com.br\/noticia\/wp-json\/wp\/v2\/users\/2"}],"replies":[{"embeddable":true,"href":"https:\/\/migracao.redenoticia.com.br\/noticia\/wp-json\/wp\/v2\/comments?post=78266"}],"version-history":[{"count":0,"href":"https:\/\/migracao.redenoticia.com.br\/noticia\/wp-json\/wp\/v2\/posts\/78266\/revisions"}],"wp:featuredmedia":[{"embeddable":true,"href":"https:\/\/migracao.redenoticia.com.br\/noticia\/wp-json\/wp\/v2\/media\/57582"}],"wp:attachment":[{"href":"https:\/\/migracao.redenoticia.com.br\/noticia\/wp-json\/wp\/v2\/media?parent=78266"}],"wp:term":[{"taxonomy":"category","embeddable":true,"href":"https:\/\/migracao.redenoticia.com.br\/noticia\/wp-json\/wp\/v2\/categories?post=78266"},{"taxonomy":"post_tag","embeddable":true,"href":"https:\/\/migracao.redenoticia.com.br\/noticia\/wp-json\/wp\/v2\/tags?post=78266"}],"curies":[{"name":"wp","href":"https:\/\/api.w.org\/{rel}","templated":true}]}}