{"id":7840,"date":"2009-08-06T17:22:34","date_gmt":"2009-08-06T21:22:34","guid":{"rendered":"http:\/\/www.redenoticia.com.br\/noticia\/?p=7840"},"modified":"2009-08-07T15:28:47","modified_gmt":"2009-08-07T19:28:47","slug":"profissao-professor-estreia-nova-temporada-na-tv-cultura-repaginado","status":"publish","type":"post","link":"https:\/\/migracao.redenoticia.com.br\/noticia\/2009\/profissao-professor-estreia-nova-temporada-na-tv-cultura-repaginado\/7840","title":{"rendered":"Profiss\u00e3o Professor estr\u00e9ia nova temporada na tv Cultura repaginado"},"content":{"rendered":"<p>Com cen\u00e1rio moderno, novos atores e epis\u00f3dios in\u00e9ditos, o programa mergulha no ambiente escolar e mostra boas experi\u00eancias e os desafios dos educadores brasileiros. A s\u00e9rie Profiss\u00e3o Professor, que busca reproduzir o ambiente escolar, mostrando as boas experi\u00eancias, as inquieta\u00e7\u00f5es e os desafios dos educadores brasileiros, volta \u00e0 tela da TV Cultura a partir deste s\u00e1bado (8\/8), \u00e0s 10h.<\/p>\n<p>Em sua terceira fase, a atra\u00e7\u00e3o &#8211; produzida em parceria com a Funda\u00e7\u00e3o Victor Civita &#8211; conta com 13 epis\u00f3dios in\u00e9ditos, cen\u00e1rio moderno e repaginado, al\u00e9m de novos atores: Paulo Am\u00e9rico e Silvia Faro.<\/p>\n<p>Na s\u00e9rie, as educadoras Fran (Siomara Schr\u00f6der) e Bel (Silvia Faro), ao lado do professor iniciante Edu (Paulo Am\u00e9rico) e da coordenadora pedag\u00f3gica C\u00e9lia (Lulu Pavarin), aproveitam os intervalos das aulas para conversar sobre suas atividades na escola e a rela\u00e7\u00e3o com seus alunos. E \u00e9 justamente neste ambiente, a sala dos professores, que eles comentam sobre suas inquieta\u00e7\u00f5es e desafios profissionais e apresentam os projetos vencedores do Pr\u00eamio Victor Civita &#8211; Educador Nota 10, de 2008.<\/p>\n<p>Assim, num mix de fic\u00e7\u00e3o e realidade, os telespectadores entram em contato com iniciativas e projetos educacionais bem sucedidos, j\u00e1 aplicados em sala de aula. Profiss\u00e3o Professor tamb\u00e9m traz entrevistas com especialistas, educadores, estudantes e p\u00fablico em geral.<\/p>\n<p>Programa de estreia<\/p>\n<p>No primeiro programa da temporada, Fran est\u00e1 envolvida num projeto de reciclagem com seus alunos, e Bel questiona se ao estimularem a\u00e7\u00f5es como essas &#8211; buscando cuidar melhor do planeta reaproveitamento o material descart\u00e1vel &#8211; se eles n\u00e3o estariam criando ainda mais lixo. Edu, \u00e0s voltas com a limpeza da brinquedoteca, concorda com Bel. \u00c9 a\u00ed que C\u00e9lia apresenta a seq\u00fc\u00eancia pedag\u00f3gica Cata-Pilhas, na qual a professora Ines Prates, de Mar\u00edlia, interior de S\u00e3o Paulo, deu um passo adiante no conceito de reciclagem, envolvendo as crian\u00e7as em procedimentos cient\u00edficos de investiga\u00e7\u00e3o e reflex\u00e3o sobre o destino do material reciclado.<\/p>\n","protected":false},"excerpt":{"rendered":"<p>Com cen\u00e1rio moderno, novos atores e epis\u00f3dios in\u00e9ditos, o programa mergulha no ambiente escolar e mostra boas experi\u00eancias e os desafios dos educadores brasileiros. A s\u00e9rie Profiss\u00e3o Professor, que busca reproduzir o ambiente escolar, mostrando as boas experi\u00eancias, as inquieta\u00e7\u00f5es e os desafios dos educadores brasileiros, volta \u00e0 tela da TV Cultura a partir deste [&hellip;]<\/p>\n","protected":false},"author":3,"featured_media":0,"comment_status":"open","ping_status":"open","sticky":false,"template":"","format":"standard","meta":{"tdm_status":"","tdm_grid_status":"","footnotes":""},"categories":[22,343],"tags":[],"class_list":{"0":"post-7840","1":"post","2":"type-post","3":"status-publish","4":"format-standard","6":"category-brasil","7":"category-televisao"},"_links":{"self":[{"href":"https:\/\/migracao.redenoticia.com.br\/noticia\/wp-json\/wp\/v2\/posts\/7840","targetHints":{"allow":["GET"]}}],"collection":[{"href":"https:\/\/migracao.redenoticia.com.br\/noticia\/wp-json\/wp\/v2\/posts"}],"about":[{"href":"https:\/\/migracao.redenoticia.com.br\/noticia\/wp-json\/wp\/v2\/types\/post"}],"author":[{"embeddable":true,"href":"https:\/\/migracao.redenoticia.com.br\/noticia\/wp-json\/wp\/v2\/users\/3"}],"replies":[{"embeddable":true,"href":"https:\/\/migracao.redenoticia.com.br\/noticia\/wp-json\/wp\/v2\/comments?post=7840"}],"version-history":[{"count":0,"href":"https:\/\/migracao.redenoticia.com.br\/noticia\/wp-json\/wp\/v2\/posts\/7840\/revisions"}],"wp:attachment":[{"href":"https:\/\/migracao.redenoticia.com.br\/noticia\/wp-json\/wp\/v2\/media?parent=7840"}],"wp:term":[{"taxonomy":"category","embeddable":true,"href":"https:\/\/migracao.redenoticia.com.br\/noticia\/wp-json\/wp\/v2\/categories?post=7840"},{"taxonomy":"post_tag","embeddable":true,"href":"https:\/\/migracao.redenoticia.com.br\/noticia\/wp-json\/wp\/v2\/tags?post=7840"}],"curies":[{"name":"wp","href":"https:\/\/api.w.org\/{rel}","templated":true}]}}