{"id":7842,"date":"2009-08-06T17:29:06","date_gmt":"2009-08-06T21:29:06","guid":{"rendered":"http:\/\/www.redenoticia.com.br\/noticia\/?p=7842"},"modified":"2009-08-09T00:29:55","modified_gmt":"2009-08-09T04:29:55","slug":"rede-record-mostra-scheila-carvalho-e-fabiana-alvarez-da-fazenda-em-o-melhor-do-brasil","status":"publish","type":"post","link":"https:\/\/migracao.redenoticia.com.br\/noticia\/2009\/rede-record-mostra-scheila-carvalho-e-fabiana-alvarez-da-fazenda-em-o-melhor-do-brasil\/7842","title":{"rendered":"Rede Record mostra Scheila Carvalho e Fabiana Alvarez da Fazenda em O Melhor do Brasil"},"content":{"rendered":"<p><strong><a href=\"https:\/\/migracao.redenoticia.com.br\/noticia\/imagens\/\/fabiana.jpg\"><img loading=\"lazy\" decoding=\"async\" class=\"alignleft size-medium wp-image-7843\" title=\"fabiana\" src=\"https:\/\/migracao.redenoticia.com.br\/noticia\/imagens\/\/fabiana-249x187.jpg\" alt=\"fabiana\" width=\"249\" height=\"187\" \/><\/a><\/strong>Na Rede Record, o programa O Melhor do Brasil deste s\u00e1bado, dia 08\/08, Scheila Carvalho e Tony Sallles enfrentam a dupla Jorge &amp; Matheus no quadro Cara de qu\u00ea?. As duas equipes ter\u00e3o que descobrir as hist\u00f3rias de vida de cada an\u00f4nimo no palco, por meio de um curioso jogo de perguntas e respostas. No Lavando Roupa Suja, a atriz Fabiana Alvarez, eliminada da semana de A Fazenda, relembra momentos importantes de sua participa\u00e7\u00e3o no reality show.\u00a0<\/p>\n<p>E a novela Bela, a Feia da Rede Record invadiu O Melhor do Brasil. Nesta semana, os telespectadores v\u00e3o conferir os bastidores da participa\u00e7\u00e3o especial de Rodrigo Faro na trama. A cena, exibida no primeiro cap\u00edtulo da novela, foi gravada no palco do programa. Na hist\u00f3ria, Bela, personagem de Giselle Iti\u00e9, foi a convidada do quadro Por onde Anda?.<\/p>\n<p>O clima de romance est\u00e1 no ar com o Vai dar Namoro da Rede Record. Casais se conhecem no palco e podem engatar um compromisso s\u00e9rio. Ser\u00e1 que as garotas v\u00e3o topar conhecer melhor os pretendentes ou os candidatos v\u00e3o tomar o j\u00e1 famoso &#8220;toco&#8221;? E no quadro Te Quero de Volta, mais uma hist\u00f3ria de amor esquecida no passado poder\u00e1 recome\u00e7ar.<\/p>\n<p>O Melhor do Brasil, vice-l\u00edder isolado nas tardes de s\u00e1bado da Rede Record, \u00e9 exibido a partir das 17h.<\/p>\n<p>Fonte Rede Record<br \/>\nCr\u00e9dito para foto Fabiana Alvarez<\/p>\n","protected":false},"excerpt":{"rendered":"<p>Na Rede Record, o programa O Melhor do Brasil deste s\u00e1bado, dia 08\/08, Scheila Carvalho e Tony Sallles enfrentam a dupla Jorge &amp; Matheus no quadro Cara de qu\u00ea?. As duas equipes ter\u00e3o que descobrir as hist\u00f3rias de vida de cada an\u00f4nimo no palco, por meio de um curioso jogo de perguntas e respostas. No [&hellip;]<\/p>\n","protected":false},"author":3,"featured_media":0,"comment_status":"open","ping_status":"open","sticky":false,"template":"","format":"standard","meta":{"tdm_status":"","tdm_grid_status":"","footnotes":""},"categories":[22,343],"tags":[],"class_list":{"0":"post-7842","1":"post","2":"type-post","3":"status-publish","4":"format-standard","6":"category-brasil","7":"category-televisao"},"_links":{"self":[{"href":"https:\/\/migracao.redenoticia.com.br\/noticia\/wp-json\/wp\/v2\/posts\/7842","targetHints":{"allow":["GET"]}}],"collection":[{"href":"https:\/\/migracao.redenoticia.com.br\/noticia\/wp-json\/wp\/v2\/posts"}],"about":[{"href":"https:\/\/migracao.redenoticia.com.br\/noticia\/wp-json\/wp\/v2\/types\/post"}],"author":[{"embeddable":true,"href":"https:\/\/migracao.redenoticia.com.br\/noticia\/wp-json\/wp\/v2\/users\/3"}],"replies":[{"embeddable":true,"href":"https:\/\/migracao.redenoticia.com.br\/noticia\/wp-json\/wp\/v2\/comments?post=7842"}],"version-history":[{"count":0,"href":"https:\/\/migracao.redenoticia.com.br\/noticia\/wp-json\/wp\/v2\/posts\/7842\/revisions"}],"wp:attachment":[{"href":"https:\/\/migracao.redenoticia.com.br\/noticia\/wp-json\/wp\/v2\/media?parent=7842"}],"wp:term":[{"taxonomy":"category","embeddable":true,"href":"https:\/\/migracao.redenoticia.com.br\/noticia\/wp-json\/wp\/v2\/categories?post=7842"},{"taxonomy":"post_tag","embeddable":true,"href":"https:\/\/migracao.redenoticia.com.br\/noticia\/wp-json\/wp\/v2\/tags?post=7842"}],"curies":[{"name":"wp","href":"https:\/\/api.w.org\/{rel}","templated":true}]}}