{"id":7845,"date":"2009-08-06T17:32:07","date_gmt":"2009-08-06T21:32:07","guid":{"rendered":"http:\/\/www.redenoticia.com.br\/noticia\/?p=7845"},"modified":"2009-08-10T22:17:47","modified_gmt":"2009-08-11T02:17:47","slug":"roda-viva-recebe-o-ex-presidente-do-bc-arminio-fraga","status":"publish","type":"post","link":"https:\/\/migracao.redenoticia.com.br\/noticia\/2009\/roda-viva-recebe-o-ex-presidente-do-bc-arminio-fraga\/7845","title":{"rendered":"Roda Viva recebe o ex-presidente do BC Arminio Fraga"},"content":{"rendered":"<p>O programa, que ser\u00e1 transmitido ao vivo pela internet, ser\u00e1 excepcionalmente apresentado por Paulo Markun. O economista Arminio Fraga, S\u00f3cio Fundador do grupo G\u00e1vea Investimentos e Presidente do Conselho de Administra\u00e7\u00e3o da BM&amp;F Bovespa, \u00e9 o convidado do Roda Viva, que ser\u00e1 transmitido na pr\u00f3xima segunda-feira (10\/8), ao vivo, a partir das 18h30, pela IPTV Cultura (http:\/\/www.iptvcultura.com.br), e veiculado pela TV Cultura, na \u00edntegra, \u00e0s 22h10.<\/p>\n<p>Arminio Fraga Neto \u00e9 economista, foi presidente do Banco Central do Brasil de 1999 a 2003, durante o governo de Fernando Henrique Cardoso. Lecionou na Escola de Assuntos Internacionais da Universidade de Col\u00fambia, na Escola Wharton e na Pontif\u00edcia Universidade Cat\u00f3lica do Rio de Janeiro, al\u00e9m da Escola de P\u00f3s-Gradua\u00e7\u00e3o em Economia da Funda\u00e7\u00e3o Get\u00falio Vargas no Rio de Janeiro. \u00c9 Doutor em Economia pela Universidade de Princeton. Obteve seu Mestrado em Economia na Pontif\u00edcia Universidade Cat\u00f3lica do Rio de Janeiro em 1981, onde tamb\u00e9m se graduou.<\/p>\n<p>Fraga deve comentar no programa sobre a crise econ\u00f4mica mundial bem como a retomada da economia brasileira neste contexto.<\/p>\n<p>O programa ser\u00e1 apresentado excepcionalmente por Paulo Markun e ter\u00e1 na bancada de entrevistadores os jornalistas Guilherme Barros, editor da coluna mercado aberto do jornal Folha de S\u00e3o Paulo; Alexandre Teixeira, editor- executivo da revista \u00c9poca Neg\u00f3cios; Cida Damasco, editora de economia do Jornal O Estado de S\u00e3o Paulo; e Cl\u00e1udia Vassallo, diretora de reda\u00e7\u00e3o da Revista Exame.<\/p>\n","protected":false},"excerpt":{"rendered":"<p>O programa, que ser\u00e1 transmitido ao vivo pela internet, ser\u00e1 excepcionalmente apresentado por Paulo Markun. O economista Arminio Fraga, S\u00f3cio Fundador do grupo G\u00e1vea Investimentos e Presidente do Conselho de Administra\u00e7\u00e3o da BM&amp;F Bovespa, \u00e9 o convidado do Roda Viva, que ser\u00e1 transmitido na pr\u00f3xima segunda-feira (10\/8), ao vivo, a partir das 18h30, pela IPTV [&hellip;]<\/p>\n","protected":false},"author":3,"featured_media":0,"comment_status":"open","ping_status":"open","sticky":false,"template":"","format":"standard","meta":{"tdm_status":"","tdm_grid_status":"","footnotes":""},"categories":[22,343],"tags":[],"class_list":{"0":"post-7845","1":"post","2":"type-post","3":"status-publish","4":"format-standard","6":"category-brasil","7":"category-televisao"},"_links":{"self":[{"href":"https:\/\/migracao.redenoticia.com.br\/noticia\/wp-json\/wp\/v2\/posts\/7845","targetHints":{"allow":["GET"]}}],"collection":[{"href":"https:\/\/migracao.redenoticia.com.br\/noticia\/wp-json\/wp\/v2\/posts"}],"about":[{"href":"https:\/\/migracao.redenoticia.com.br\/noticia\/wp-json\/wp\/v2\/types\/post"}],"author":[{"embeddable":true,"href":"https:\/\/migracao.redenoticia.com.br\/noticia\/wp-json\/wp\/v2\/users\/3"}],"replies":[{"embeddable":true,"href":"https:\/\/migracao.redenoticia.com.br\/noticia\/wp-json\/wp\/v2\/comments?post=7845"}],"version-history":[{"count":0,"href":"https:\/\/migracao.redenoticia.com.br\/noticia\/wp-json\/wp\/v2\/posts\/7845\/revisions"}],"wp:attachment":[{"href":"https:\/\/migracao.redenoticia.com.br\/noticia\/wp-json\/wp\/v2\/media?parent=7845"}],"wp:term":[{"taxonomy":"category","embeddable":true,"href":"https:\/\/migracao.redenoticia.com.br\/noticia\/wp-json\/wp\/v2\/categories?post=7845"},{"taxonomy":"post_tag","embeddable":true,"href":"https:\/\/migracao.redenoticia.com.br\/noticia\/wp-json\/wp\/v2\/tags?post=7845"}],"curies":[{"name":"wp","href":"https:\/\/api.w.org\/{rel}","templated":true}]}}