{"id":785,"date":"2009-04-23T17:46:24","date_gmt":"2009-04-23T21:46:24","guid":{"rendered":"http:\/\/www.redenoticia.com.br\/noticia\/?p=785"},"modified":"2009-04-23T17:46:24","modified_gmt":"2009-04-23T21:46:24","slug":"ftima-cleide-e-flvio-arns-participam-da-conferncia-nacional-da-educao","status":"publish","type":"post","link":"https:\/\/migracao.redenoticia.com.br\/noticia\/2009\/ftima-cleide-e-flvio-arns-participam-da-conferncia-nacional-da-educao\/785","title":{"rendered":"F&aacute;tima Cleide e Fl&aacute;vio Arns participam da Confer&ecirc;ncia Nacional da Educa&ccedil;&atilde;o"},"content":{"rendered":"<p>O presidente da Comiss\u00e3o de Educa\u00e7\u00e3o, Cultura e Esporte (CE), senador Fl\u00e1vio Arns (PT-PR), e a senadora F\u00e1tima Cleide (PT-RO) participaram, na manh\u00e3 desta quinta-feira (23), no audit\u00f3rio do Minist\u00e9rio da Educa\u00e7\u00e3o, do lan\u00e7amento do plano para a realiza\u00e7\u00e3o da Confer\u00eancia Nacional de Educa\u00e7\u00e3o (Conae), que ser\u00e1 acontecer\u00e1 de 23 a 27 de abril de 2010. <\/p>\n<p>Fl\u00e1vio Arns disse, em entrevista \u00e0 Ag\u00eancia Senado, que essa confer\u00eancia ter\u00e1 uma abordagem ampla dos temas da educa\u00e7\u00e3o. As confer\u00eancias anteriores, observou o parlamentar, foram realizadas sobre temas espec\u00edficos, como, por exemplo, a educa\u00e7\u00e3o b\u00e1sica ou o ensino superior.<\/p>\n<p>&#8211; A Confer\u00eancia de 2010 ter\u00e1 o tema amplo da Educa\u00e7\u00e3o, envolvendo desde a educa\u00e7\u00e3o infantil at\u00e9 a p\u00f3s-gradua\u00e7\u00e3o &#8211; disse Fl\u00e1vio Arns. <\/p>\n<p>F\u00e1tima Cleide lembrou que o processo de organiza\u00e7\u00e3o da Confer\u00eancia come\u00e7ou o ano passado, durante a Confer\u00eancia Nacional do Ensino B\u00e1sico. A senadora participa do grupo de organiza\u00e7\u00e3o da Conae como representante titular da CE, tendo o senador Cristovam Buarque (PDT-DF) como suplente. <\/p>\n<p>&#8211; Estamos buscando uma participa\u00e7\u00e3o efetiva da CE desde as confer\u00eancias municipais, as confer\u00eancias estaduais, at\u00e9 a Confer\u00eancia Nacional &#8211; declarou F\u00e1tima Cleide. <\/p>\n<p>A Conae deste ano ter\u00e1 como tema &quot;Construindo um sistema nacional articulado de educa\u00e7\u00e3o: o Plano Nacional de Educa\u00e7\u00e3o, diretrizes e estrat\u00e9gias de a\u00e7\u00e3o&quot;.<\/p>\n<p>&#8211; Agora vamos reunir todas as modalidades e n\u00edveis de educa\u00e7\u00e3o das escolas p\u00fablicas e privadas &#8211; destacou F\u00e1tima Cleide. <\/p>\n<p>A Comiss\u00e3o de Educa\u00e7\u00e3o continuar\u00e1 realizando audi\u00eancias p\u00fablicas para debater do Plano Nacional da Educa\u00e7\u00e3o, conforme informa\u00e7\u00f5es de F\u00e1tima Cleide e Fl\u00e1vio Arns, a exemplo do debate realizado quarta-feira (22), sobre o Plano de Reestrutura\u00e7\u00e3o e Expans\u00e3o das Universidades Federais (Reuni). <\/p>\n<p><a href=\"http:\/\/www.senado.gov.br\/Agencia\/verNoticia.aspx?codNoticia=90214&amp;codAplicativo=2\"><\/a><\/p>\n<p>Da Reda\u00e7\u00e3o \/ Ag\u00eancia Senado<\/p>\n","protected":false},"excerpt":{"rendered":"<p>O presidente da Comiss\u00e3o de Educa\u00e7\u00e3o, Cultura e Esporte (CE), senador Fl\u00e1vio Arns (PT-PR), e a senadora F\u00e1tima Cleide (PT-RO) participaram, na manh\u00e3 desta quinta-feira (23), no audit\u00f3rio do Minist\u00e9rio da Educa\u00e7\u00e3o, do lan\u00e7amento do plano para a realiza\u00e7\u00e3o da Confer\u00eancia Nacional de Educa\u00e7\u00e3o (Conae), que ser\u00e1 acontecer\u00e1 de 23 a 27 de abril de [&hellip;]<\/p>\n","protected":false},"author":2,"featured_media":0,"comment_status":"open","ping_status":"open","sticky":false,"template":"","format":"standard","meta":{"tdm_status":"","tdm_grid_status":"","footnotes":""},"categories":[22],"tags":[],"class_list":{"0":"post-785","1":"post","2":"type-post","3":"status-publish","4":"format-standard","6":"category-brasil"},"_links":{"self":[{"href":"https:\/\/migracao.redenoticia.com.br\/noticia\/wp-json\/wp\/v2\/posts\/785","targetHints":{"allow":["GET"]}}],"collection":[{"href":"https:\/\/migracao.redenoticia.com.br\/noticia\/wp-json\/wp\/v2\/posts"}],"about":[{"href":"https:\/\/migracao.redenoticia.com.br\/noticia\/wp-json\/wp\/v2\/types\/post"}],"author":[{"embeddable":true,"href":"https:\/\/migracao.redenoticia.com.br\/noticia\/wp-json\/wp\/v2\/users\/2"}],"replies":[{"embeddable":true,"href":"https:\/\/migracao.redenoticia.com.br\/noticia\/wp-json\/wp\/v2\/comments?post=785"}],"version-history":[{"count":0,"href":"https:\/\/migracao.redenoticia.com.br\/noticia\/wp-json\/wp\/v2\/posts\/785\/revisions"}],"wp:attachment":[{"href":"https:\/\/migracao.redenoticia.com.br\/noticia\/wp-json\/wp\/v2\/media?parent=785"}],"wp:term":[{"taxonomy":"category","embeddable":true,"href":"https:\/\/migracao.redenoticia.com.br\/noticia\/wp-json\/wp\/v2\/categories?post=785"},{"taxonomy":"post_tag","embeddable":true,"href":"https:\/\/migracao.redenoticia.com.br\/noticia\/wp-json\/wp\/v2\/tags?post=785"}],"curies":[{"name":"wp","href":"https:\/\/api.w.org\/{rel}","templated":true}]}}