{"id":7850,"date":"2009-08-07T00:34:44","date_gmt":"2009-08-07T04:34:44","guid":{"rendered":"http:\/\/www.redenoticia.com.br\/noticia\/?p=7850"},"modified":"2009-08-07T15:36:31","modified_gmt":"2009-08-07T19:36:31","slug":"rede-record-mostra-desafio-por-2-carros-na-fazenda","status":"publish","type":"post","link":"https:\/\/migracao.redenoticia.com.br\/noticia\/2009\/rede-record-mostra-desafio-por-2-carros-na-fazenda\/7850","title":{"rendered":"Rede Record mostra desafio por 2 carros na Fazenda"},"content":{"rendered":"<p>A Rede Record produziu, nesta quinta-feira (06\/08), mais um desafio para os pe\u00f5es da Fazenda com 2 carros de pr\u00eamio para o vencedor. Um dos carros o vencedor teve que dar para um pe\u00e3o amigo de dentro da Fazenda. O desafio da Record consistiu em 2 etapas com teste de mem\u00f3ria, habilidade e coordena\u00e7\u00e3o motora.<\/p>\n<p>Na primeira etapa, os pe\u00f5es da Fazenda, exceto o Fazendeiro da semana Pedro, tiveram que encontrar fotos em seq\u00fc\u00eancias cada vez mais complexas indicadas pela Rede Record. Foram classificados Carlinhos e Danni Carlos, que se juntaram ao Pedro que j\u00e1 estava pr\u00e9-classificado.<\/p>\n<p>Na segunda etapa, os tr\u00eas pe\u00f5es da Fazenda tiveram que dirigir um percurso utilizando a c\u00e2mera de r\u00e9, tudo bem explicado e acompanhado pela produ\u00e7\u00e3o da Rede Record. Pedro ganhou a prova por ter feito o percurso em menos tempo e n\u00e3o ter derrubado nenhum cone.<\/p>\n<p>No final do programa Pedro deu o segundo carro para Carlinhos. Agora, a \u00fanica participante que permanece no programa A Fazenda que n\u00e3o ganhou carro da Rede Record \u00e9 Danni Carlos.<\/p>\n<p>A Rede Record tamb\u00e9m mostrou no programa A Fazenda desta quinta-feira, muitos desentendimentos entre Dado Dolabella e Carlinhos e um jogo de ca\u00e7a palavras onde Dado e Danni Carlos venceram. Eles ganharam do patrocinador da Rede Record um celular cada. Todos os pe\u00f5es ganharam um modem 3G.<\/p>\n<p>Fonte Rede Record A Fazenda<\/p>\n","protected":false},"excerpt":{"rendered":"<p>A Rede Record produziu, nesta quinta-feira (06\/08), mais um desafio para os pe\u00f5es da Fazenda com 2 carros de pr\u00eamio para o vencedor. Um dos carros o vencedor teve que dar para um pe\u00e3o amigo de dentro da Fazenda. O desafio da Record consistiu em 2 etapas com teste de mem\u00f3ria, habilidade e coordena\u00e7\u00e3o motora. [&hellip;]<\/p>\n","protected":false},"author":3,"featured_media":0,"comment_status":"open","ping_status":"open","sticky":false,"template":"","format":"standard","meta":{"tdm_status":"","tdm_grid_status":"","footnotes":""},"categories":[22,343],"tags":[],"class_list":{"0":"post-7850","1":"post","2":"type-post","3":"status-publish","4":"format-standard","6":"category-brasil","7":"category-televisao"},"_links":{"self":[{"href":"https:\/\/migracao.redenoticia.com.br\/noticia\/wp-json\/wp\/v2\/posts\/7850","targetHints":{"allow":["GET"]}}],"collection":[{"href":"https:\/\/migracao.redenoticia.com.br\/noticia\/wp-json\/wp\/v2\/posts"}],"about":[{"href":"https:\/\/migracao.redenoticia.com.br\/noticia\/wp-json\/wp\/v2\/types\/post"}],"author":[{"embeddable":true,"href":"https:\/\/migracao.redenoticia.com.br\/noticia\/wp-json\/wp\/v2\/users\/3"}],"replies":[{"embeddable":true,"href":"https:\/\/migracao.redenoticia.com.br\/noticia\/wp-json\/wp\/v2\/comments?post=7850"}],"version-history":[{"count":0,"href":"https:\/\/migracao.redenoticia.com.br\/noticia\/wp-json\/wp\/v2\/posts\/7850\/revisions"}],"wp:attachment":[{"href":"https:\/\/migracao.redenoticia.com.br\/noticia\/wp-json\/wp\/v2\/media?parent=7850"}],"wp:term":[{"taxonomy":"category","embeddable":true,"href":"https:\/\/migracao.redenoticia.com.br\/noticia\/wp-json\/wp\/v2\/categories?post=7850"},{"taxonomy":"post_tag","embeddable":true,"href":"https:\/\/migracao.redenoticia.com.br\/noticia\/wp-json\/wp\/v2\/tags?post=7850"}],"curies":[{"name":"wp","href":"https:\/\/api.w.org\/{rel}","templated":true}]}}