{"id":7864,"date":"2009-08-07T10:28:35","date_gmt":"2009-08-07T14:28:35","guid":{"rendered":"http:\/\/www.redenoticia.com.br\/noticia\/?p=7864"},"modified":"2009-08-09T00:38:50","modified_gmt":"2009-08-09T04:38:50","slug":"rede-record-mostrara-cabritto-jr-com-participantes-da-fazenda","status":"publish","type":"post","link":"https:\/\/migracao.redenoticia.com.br\/noticia\/2009\/rede-record-mostrara-cabritto-jr-com-participantes-da-fazenda\/7864","title":{"rendered":"Rede Record mostrar\u00e1 Cabritto Jr. com participantes da Fazenda"},"content":{"rendered":"<p><a href=\"https:\/\/migracao.redenoticia.com.br\/noticia\/imagens\/\/curral.jpg\"><img loading=\"lazy\" decoding=\"async\" class=\"alignleft size-medium wp-image-7865\" title=\"curral\" src=\"https:\/\/migracao.redenoticia.com.br\/noticia\/imagens\/\/curral-249x187.jpg\" alt=\"curral\" width=\"249\" height=\"187\" \/><\/a>O Show do Tom da Rede Record deste s\u00e1bado, 08\/08, recebe os pe\u00f5es da Fazenda Mirella Santos, Theo Becker, Jonathan Haagensen, Fabio Arruda e Miro Moreira como convidados especiais de O Curral.\u00a0O time formado pelos ex-participantes de A Fazenda disputa um quiz de conhecimentos gerais contra a equipe de O Curral da Rede Record, composta por Dado Tiribella (Tiririca), Samamboiola (Amim Kader), Mendigo (Pedro Manso), Dane-se Carla (Ana Markun), Teo Beque (Tirulipa) e Predo (Alu\u00edsio Jr).\u00a0<\/p>\n<p>O resultado do game vai definir qual participante de O Curral da Rede Record ser\u00e1 mandado para a &#8220;fossa&#8221; por Cabritto Jr. (Tom Cavalcante). \u00a0O Show do Tom vai ao ar aos s\u00e1bados, a partir das 22h30, na Rede Record.<\/p>\n<p>Nesta quinta feira (08\/09) na Fazenda, Pedro ganhou uma prova importante e um carro de luxo, por ter feito um percurso em menos tempo e n\u00e3o ter derrubado nenhum cone.\u00a0No final do programa Pedro deu o segundo carro para Carlinhos. Agora, a \u00fanica participante que permanece no programa A Fazenda que n\u00e3o ganhou carro da Rede Record \u00e9 Danni Carlos.<\/p>\n<p>A Rede Record tamb\u00e9m mostrou no programa A Fazenda desta quinta-feira, muitos desentendimentos entre Dado Dolabella e Carlinhos e um jogo de ca\u00e7a palavras onde Dado e Danni Carlos venceram. Eles ganharam do patrocinador da Rede Record um celular cada. Todos os pe\u00f5es ganharam um modem 3G.<\/p>\n<p>Fonte Rede Record A Fazenda<\/p>\n","protected":false},"excerpt":{"rendered":"<p>O Show do Tom da Rede Record deste s\u00e1bado, 08\/08, recebe os pe\u00f5es da Fazenda Mirella Santos, Theo Becker, Jonathan Haagensen, Fabio Arruda e Miro Moreira como convidados especiais de O Curral.\u00a0O time formado pelos ex-participantes de A Fazenda disputa um quiz de conhecimentos gerais contra a equipe de O Curral da Rede Record, composta [&hellip;]<\/p>\n","protected":false},"author":3,"featured_media":0,"comment_status":"open","ping_status":"open","sticky":false,"template":"","format":"standard","meta":{"tdm_status":"","tdm_grid_status":"","footnotes":""},"categories":[22,343],"tags":[],"class_list":{"0":"post-7864","1":"post","2":"type-post","3":"status-publish","4":"format-standard","6":"category-brasil","7":"category-televisao"},"_links":{"self":[{"href":"https:\/\/migracao.redenoticia.com.br\/noticia\/wp-json\/wp\/v2\/posts\/7864","targetHints":{"allow":["GET"]}}],"collection":[{"href":"https:\/\/migracao.redenoticia.com.br\/noticia\/wp-json\/wp\/v2\/posts"}],"about":[{"href":"https:\/\/migracao.redenoticia.com.br\/noticia\/wp-json\/wp\/v2\/types\/post"}],"author":[{"embeddable":true,"href":"https:\/\/migracao.redenoticia.com.br\/noticia\/wp-json\/wp\/v2\/users\/3"}],"replies":[{"embeddable":true,"href":"https:\/\/migracao.redenoticia.com.br\/noticia\/wp-json\/wp\/v2\/comments?post=7864"}],"version-history":[{"count":0,"href":"https:\/\/migracao.redenoticia.com.br\/noticia\/wp-json\/wp\/v2\/posts\/7864\/revisions"}],"wp:attachment":[{"href":"https:\/\/migracao.redenoticia.com.br\/noticia\/wp-json\/wp\/v2\/media?parent=7864"}],"wp:term":[{"taxonomy":"category","embeddable":true,"href":"https:\/\/migracao.redenoticia.com.br\/noticia\/wp-json\/wp\/v2\/categories?post=7864"},{"taxonomy":"post_tag","embeddable":true,"href":"https:\/\/migracao.redenoticia.com.br\/noticia\/wp-json\/wp\/v2\/tags?post=7864"}],"curies":[{"name":"wp","href":"https:\/\/api.w.org\/{rel}","templated":true}]}}