{"id":7867,"date":"2009-08-07T10:36:07","date_gmt":"2009-08-07T14:36:07","guid":{"rendered":"http:\/\/www.redenoticia.com.br\/noticia\/?p=7867"},"modified":"2009-08-07T11:34:02","modified_gmt":"2009-08-07T15:34:02","slug":"ong-horizontes-completa-cinco-anos-com-saldo-de-20-mil-ex-alunos-empregados","status":"publish","type":"post","link":"https:\/\/migracao.redenoticia.com.br\/noticia\/2009\/ong-horizontes-completa-cinco-anos-com-saldo-de-20-mil-ex-alunos-empregados\/7867","title":{"rendered":"ONG Horizontes completa cinco anos com saldo de 20 mil ex-alunos empregados"},"content":{"rendered":"<p>No pr\u00f3ximo dia 10, a Organiza\u00e7\u00e3o N\u00e3o-Governamental Horizontes, entidade titulada com OSCIP que visa promover a gera\u00e7\u00e3o de trabalho e renda por meio da educa\u00e7\u00e3o, completa 5 anos de funda\u00e7\u00e3o com um saldo altamente positivo. Nesse curto per\u00edodo de vida, 20 mil dos 50 mil alunos certificados em seus cursos de qualifica\u00e7\u00e3o profissional conseguiram emprego &#8211; na maioria das vezes, o primeiro emprego. Isso significa uma taxa de efici\u00eancia que chega a 40%.<\/p>\n<p>Essa alta taxa de coloca\u00e7\u00e3o de ex-alunos no mercado de trabalho \u00e9 fruto direto da gest\u00e3o profissionalizada da Horizontes. &#8220;Este \u00e9 nosso maior diferencial. Nossa gest\u00e3o \u00e9 auditada anualmente pela multinacional su\u00ed\u00e7a SGS, com base na norma NGO Benchmarking. No Brasil, apenas cinco entidades possuem esta certifica\u00e7\u00e3o. Isso nos confere credibilidade junto a nossos investidores sociais&#8221;, afirma Marcelo Rocha, presidente e um dos fundadores da Horizontes.<\/p>\n<p>&#8220;Desde a funda\u00e7\u00e3o, decidimos que a Horizontes teria uma gest\u00e3o profissional e fomos buscar colaboradores com forte orienta\u00e7\u00e3o a resultados. E resultados, para n\u00f3s, s\u00e3o projetos executados com qualidade, presta\u00e7\u00e3o de contas clara e respeito pelos recursos dos nossos investidores, pelos profissionais e pelo p\u00fablico benefici\u00e1rio de nossas a\u00e7\u00f5es. Diante das eternas den\u00fancias envolvendo ONGs que malversam o dinheiro p\u00fablico, sempre tivemos muito claro que s\u00f3 com transpar\u00eancia e adotando boas pr\u00e1ticas em governan\u00e7a corporativa poder\u00edamos obter a confian\u00e7a dos investidores sociais&#8221;, conclui Marcelo Rocha.<\/p>\n<p>A Horizontes \u00e9 uma entidade sem fins lucrativos totalmente focada na educa\u00e7\u00e3o e na qualifica\u00e7\u00e3o profissional como forma de gera\u00e7\u00e3o de emprego e renda. Fundada em S\u00e3o Paulo, a ONG tamb\u00e9m atua fortemente no Mato Grosso e em Santa Catarina. Desde 2004, a Horizontes realizou um total de 80 projetos sociais, em 80 munic\u00edpios paulistas, catarinenses e mato-grossenses. Dentre os projetos em curso atualmente est\u00e3o a qualifica\u00e7\u00e3o profissional de centenas de adolescentes em cumprimento de medida socioeducativa; programas voltados \u00e0 eleva\u00e7\u00e3o de escolaridade concomitante aos cursos de qualifica\u00e7\u00e3o profissional; e outras a\u00e7\u00f5es de educa\u00e7\u00e3o ambiental, com foco em programas de efici\u00eancia energ\u00e9tica para comunidades de baixa renda junto a distribuidoras de energia el\u00e9trica.<\/p>\n<p>Entre os atuais financiadores e parceiros da Horizontes est\u00e3o empresas, diretamente ou por meio de seus bra\u00e7os sociais, universidades e entes dos tr\u00eas n\u00edveis de governo.<\/p>\n","protected":false},"excerpt":{"rendered":"<p>No pr\u00f3ximo dia 10, a Organiza\u00e7\u00e3o N\u00e3o-Governamental Horizontes, entidade titulada com OSCIP que visa promover a gera\u00e7\u00e3o de trabalho e renda por meio da educa\u00e7\u00e3o, completa 5 anos de funda\u00e7\u00e3o com um saldo altamente positivo. Nesse curto per\u00edodo de vida, 20 mil dos 50 mil alunos certificados em seus cursos de qualifica\u00e7\u00e3o profissional conseguiram emprego [&hellip;]<\/p>\n","protected":false},"author":2,"featured_media":0,"comment_status":"open","ping_status":"open","sticky":false,"template":"","format":"standard","meta":{"tdm_status":"","tdm_grid_status":"","footnotes":""},"categories":[22],"tags":[],"class_list":{"0":"post-7867","1":"post","2":"type-post","3":"status-publish","4":"format-standard","6":"category-brasil"},"_links":{"self":[{"href":"https:\/\/migracao.redenoticia.com.br\/noticia\/wp-json\/wp\/v2\/posts\/7867","targetHints":{"allow":["GET"]}}],"collection":[{"href":"https:\/\/migracao.redenoticia.com.br\/noticia\/wp-json\/wp\/v2\/posts"}],"about":[{"href":"https:\/\/migracao.redenoticia.com.br\/noticia\/wp-json\/wp\/v2\/types\/post"}],"author":[{"embeddable":true,"href":"https:\/\/migracao.redenoticia.com.br\/noticia\/wp-json\/wp\/v2\/users\/2"}],"replies":[{"embeddable":true,"href":"https:\/\/migracao.redenoticia.com.br\/noticia\/wp-json\/wp\/v2\/comments?post=7867"}],"version-history":[{"count":0,"href":"https:\/\/migracao.redenoticia.com.br\/noticia\/wp-json\/wp\/v2\/posts\/7867\/revisions"}],"wp:attachment":[{"href":"https:\/\/migracao.redenoticia.com.br\/noticia\/wp-json\/wp\/v2\/media?parent=7867"}],"wp:term":[{"taxonomy":"category","embeddable":true,"href":"https:\/\/migracao.redenoticia.com.br\/noticia\/wp-json\/wp\/v2\/categories?post=7867"},{"taxonomy":"post_tag","embeddable":true,"href":"https:\/\/migracao.redenoticia.com.br\/noticia\/wp-json\/wp\/v2\/tags?post=7867"}],"curies":[{"name":"wp","href":"https:\/\/api.w.org\/{rel}","templated":true}]}}