{"id":7873,"date":"2009-08-07T10:42:39","date_gmt":"2009-08-07T14:42:39","guid":{"rendered":"http:\/\/www.redenoticia.com.br\/noticia\/?p=7873"},"modified":"2009-08-07T10:42:39","modified_gmt":"2009-08-07T14:42:39","slug":"evento-na-praca-da-liberdade-marca-inicio-das-obras-do-ccbb-belo-horizonte","status":"publish","type":"post","link":"https:\/\/migracao.redenoticia.com.br\/noticia\/2009\/evento-na-praca-da-liberdade-marca-inicio-das-obras-do-ccbb-belo-horizonte\/7873","title":{"rendered":"Evento na Pra\u00e7a da Liberdade marca in\u00edcio das obras do CCBB Belo Horizonte"},"content":{"rendered":"<p>As \u00a0obras \u00a0de \u00a0restaura\u00e7\u00e3o \u00a0e \u00a0adapta\u00e7\u00e3o do pr\u00e9dio onde funcionar\u00e1 o Centro<br \/>\nCultural \u00a0Banco \u00a0do \u00a0Brasil \u00a0de Belo Horizonte come\u00e7am, oficialmente, nesta<br \/>\nsexta-feira, \u00a0(7\/08). O antigo pr\u00e9dio que abrigou a Secretaria de Estado de<br \/>\nDefesa \u00a0Social, \u00a0datado \u00a0de \u00a01926, \u00a0integrar\u00e1 \u00a0o Circuito Cultural Pra\u00e7a da<br \/>\nLiberdade, \u00a0complexo \u00a0de \u00a0cultura \u00a0que \u00a0est\u00e1 \u00a0sendo \u00a0implantado nos pr\u00e9dios<br \/>\np\u00fablicos da Pra\u00e7a da Liberdade.<\/p>\n<p>Um \u00a0evento em frente ao edif\u00edcio, que antes abrigava a Secretaria de Estado<br \/>\nde \u00a0Seguran\u00e7a \u00a0P\u00fablica, na Pra\u00e7a da Liberdade, marca o in\u00edcio do projeto. A<br \/>\nCompanhia \u00a0Circense \u00a0Trampulim \u00a0animar\u00e1 \u00a0450 \u00a0estudantes \u00a0da \u00a0rede \u00a0p\u00fablica<br \/>\nmunicipal \u00a0e \u00a0estadual, \u00a0que \u00a0v\u00e3o \u00a0dar um grande abra\u00e7o simb\u00f3lico no futuro<br \/>\nCCBB. \u00a0Junto \u00a0com grafiteiros dos grupos Valores de Minas e Fica Vivo, eles<br \/>\npintar\u00e3o os 60 tapumes que envolvem o canteiro de obras. \u00a0Estar\u00e3o presentes<br \/>\nao evento, o governador de Minas Gerais, A\u00e9cio Neves, o presidente do Banco<br \/>\ndo Brasil, Aldemir Bendine, e outras autoridades.<\/p>\n<p>O \u00a0Banco \u00a0do Brasil investir\u00e1 R$ 21 milh\u00f5es na reforma do pr\u00e9dio constru\u00eddo<br \/>\nem \u00a0 1926, \u00a0sem \u00a0contar \u00a0os \u00a0recursos \u00a0que \u00a0ser\u00e3o \u00a0gastos \u00a0com \u00a0mobili\u00e1rio,<br \/>\nilumina\u00e7\u00e3o, \u00a0instrumentos \u00a0musicais \u00a0e \u00a0programa\u00e7\u00e3o. \u00a0O CCBB Belo Horizonte<br \/>\nter\u00e1 \u00a0teatro \u00a0com \u00a0300 lugares, seis salas de exposi\u00e7\u00e3o, cafeteria, sala de<br \/>\nprograma \u00a0educativo, \u00a0sala \u00a0multimeios, \u00a0loja \u00a0de produtos culturais e \u00e1rea<br \/>\nadministrativa. \u00a0No \u00a0total \u00a0s\u00e3o \u00a0mais \u00a0de \u00a012 \u00a0mil metros quadrados de \u00e1rea<br \/>\nconstru\u00edda, o que coloca o CCBB BH \u00a0entre os maiores do pa\u00eds.<\/p>\n<p>Atualmente, \u00a0o Banco do Brasil possui tr\u00eas centros culturais localizados em<br \/>\nBras\u00edlia, \u00a0S\u00e3o \u00a0Paulo \u00a0e \u00a0Rio \u00a0de \u00a0Janeiro. \u00a0Assim \u00a0como \u00a0os demais Centros<br \/>\nCulturais \u00a0Banco \u00a0do Brasil, o CCBB Belo Horizonte promover\u00e1 atividades nas<br \/>\n\u00e1reas \u00a0de \u00a0artes \u00a0pl\u00e1sticas, \u00a0artes \u00a0c\u00eanicas, \u00a0m\u00fasica, \u00a0ideias \u00a0e \u00a0programa<br \/>\neducativo. Desde a funda\u00e7\u00e3o do primeiro Centro Cultural h\u00e1 20 anos, o Banco<br \/>\ndo Brasil \u00a0posicionou-se \u00a0como \u00a0Empresa \u00a0de \u00a0vanguarda \u00a0na atua\u00e7\u00e3o na \u00e1rea<br \/>\ncultural. \u00a0Nascidos \u00a0com o prop\u00f3sito de tornarem-se refer\u00eancia, os CCBB s\u00e3o<br \/>\nespa\u00e7os \u00a0multidisciplinares que oferecem programa\u00e7\u00e3o regular com qualidade,<br \/>\ndiversidade, \u00a0a \u00a0pre\u00e7os \u00a0acess\u00edveis, \u00a0dirigida \u00a0a \u00a0todos \u00a0os \u00a0segmentos \u00a0da<br \/>\nsociedade. \u00a0S\u00f3 \u00a0em 2008, foram realizados mais de 720 projetos, desdobrados<br \/>\nem \u00a0cerca \u00a0de 11 mil eventos. O p\u00fablico participante foi superior a \u00a0quatro<br \/>\nmilh\u00f5es de visitantes. \u00a0No primeiro semestre de 2009, quase dois milh\u00f5es de<br \/>\npessoas passaram pelos CCBB.<\/p>\n<p>O Centro Cultural Banco do Brasil de Belo Horizonte \u00e9 uma parceria do Banco<br \/>\ndo \u00a0Brasil \u00a0e \u00a0o \u00a0Governo \u00a0do Estado de Minas Gerais e integrar\u00e1 o Circuito<br \/>\nCultural Pra\u00e7a da Liberdade.<\/p>\n<p>Patrim\u00f4nio \u00a0hist\u00f3rico \u00a0&#8211; \u00a0O \u00a0projeto do CCBB Belo Horizonte foi aprovado no<br \/>\n\u00e2mbito \u00a0dos \u00a0\u00f3rg\u00e3os p\u00fablicos que zelam pelo patrim\u00f4nio hist\u00f3rico nos n\u00edveis<br \/>\nmunicipal, \u00a0estadual \u00a0e \u00a0federal. \u00a0A empresa respons\u00e1vel pelas obras ser\u00e1 a<br \/>\nRetech \u00a0Servi\u00e7os \u00a0Especiais \u00a0de \u00a0Engenharia \u00a0Ltda, vencedora do processo de<br \/>\nlicita\u00e7\u00e3o \u00a0 p\u00fablica, \u00a0 no \u00a0qual \u00a0seis \u00a0empresas \u00a0foram \u00a0habilitadas. \u00a0Ser\u00e3o<br \/>\nrespons\u00e1veis \u00a0pela \u00a0obra os arquitetos Eneida Bretas e Marcelo Pontes, e os<br \/>\nengenheiros \u00a0do Banco do Brasil, Jo\u00e3o Eduardo Carvalho, Rog\u00e9rio Diniz, Luiz<br \/>\nGonzaga da Cunha. \u00a0Assina a restaura\u00e7\u00e3o do pr\u00e9dio o arquiteto Fl\u00e1vio Grillo<br \/>\nque, \u00a0 como \u00a0 arquiteto \u00a0restaurador, \u00a0executou \u00a0 dezenas \u00a0de \u00a0projetos \u00a0em<br \/>\nmonumentos hist\u00f3ricos, entre eles, a Pra\u00e7a da Esta\u00e7\u00e3o, em Belo Horizonte, a<br \/>\nIgreja \u00a0de S\u00e3o Francisco de Assis de Ouro Preto (projeto premiado na Bienal<br \/>\nInternacional de Buenos Aires\/Argentina), e o edif\u00edcio sede da Cia. Doca de<br \/>\nSantos, atual sede do Iphan-6\u00aa SR.<\/p>\n","protected":false},"excerpt":{"rendered":"<p>As \u00a0obras \u00a0de \u00a0restaura\u00e7\u00e3o \u00a0e \u00a0adapta\u00e7\u00e3o do pr\u00e9dio onde funcionar\u00e1 o Centro Cultural \u00a0Banco \u00a0do \u00a0Brasil \u00a0de Belo Horizonte come\u00e7am, oficialmente, nesta sexta-feira, \u00a0(7\/08). O antigo pr\u00e9dio que abrigou a Secretaria de Estado de Defesa \u00a0Social, \u00a0datado \u00a0de \u00a01926, \u00a0integrar\u00e1 \u00a0o Circuito Cultural Pra\u00e7a da Liberdade, \u00a0complexo \u00a0de \u00a0cultura \u00a0que \u00a0est\u00e1 \u00a0sendo \u00a0implantado nos pr\u00e9dios [&hellip;]<\/p>\n","protected":false},"author":2,"featured_media":0,"comment_status":"open","ping_status":"open","sticky":false,"template":"","format":"standard","meta":{"tdm_status":"","tdm_grid_status":"","footnotes":""},"categories":[22],"tags":[],"class_list":{"0":"post-7873","1":"post","2":"type-post","3":"status-publish","4":"format-standard","6":"category-brasil"},"_links":{"self":[{"href":"https:\/\/migracao.redenoticia.com.br\/noticia\/wp-json\/wp\/v2\/posts\/7873","targetHints":{"allow":["GET"]}}],"collection":[{"href":"https:\/\/migracao.redenoticia.com.br\/noticia\/wp-json\/wp\/v2\/posts"}],"about":[{"href":"https:\/\/migracao.redenoticia.com.br\/noticia\/wp-json\/wp\/v2\/types\/post"}],"author":[{"embeddable":true,"href":"https:\/\/migracao.redenoticia.com.br\/noticia\/wp-json\/wp\/v2\/users\/2"}],"replies":[{"embeddable":true,"href":"https:\/\/migracao.redenoticia.com.br\/noticia\/wp-json\/wp\/v2\/comments?post=7873"}],"version-history":[{"count":0,"href":"https:\/\/migracao.redenoticia.com.br\/noticia\/wp-json\/wp\/v2\/posts\/7873\/revisions"}],"wp:attachment":[{"href":"https:\/\/migracao.redenoticia.com.br\/noticia\/wp-json\/wp\/v2\/media?parent=7873"}],"wp:term":[{"taxonomy":"category","embeddable":true,"href":"https:\/\/migracao.redenoticia.com.br\/noticia\/wp-json\/wp\/v2\/categories?post=7873"},{"taxonomy":"post_tag","embeddable":true,"href":"https:\/\/migracao.redenoticia.com.br\/noticia\/wp-json\/wp\/v2\/tags?post=7873"}],"curies":[{"name":"wp","href":"https:\/\/api.w.org\/{rel}","templated":true}]}}