{"id":7878,"date":"2009-08-07T10:55:42","date_gmt":"2009-08-07T14:55:42","guid":{"rendered":"http:\/\/www.redenoticia.com.br\/noticia\/?p=7878"},"modified":"2009-08-07T10:55:42","modified_gmt":"2009-08-07T14:55:42","slug":"climatempo-indica-que-frente-fria-deixa-o-ceu-nublado-no-litoral-paulista","status":"publish","type":"post","link":"https:\/\/migracao.redenoticia.com.br\/noticia\/2009\/climatempo-indica-que-frente-fria-deixa-o-ceu-nublado-no-litoral-paulista\/7878","title":{"rendered":"Climatempo indica que frente fria deixa o c\u00e9u nublado no litoral paulista"},"content":{"rendered":"<p>Fim de semana ser\u00e1 de sol e temperatura em eleva\u00e7\u00e3o \u00e0 tarde, segundo a Climatempo. Depois de um dia com calor de 35\u00baC e sol forte, a passagem de uma frente fria mudou as condi\u00e7\u00f5es do tempo no litoral de S\u00e3o Paulo. Nuvens baixas deixam o c\u00e9u todo nublado e podem provocar chuviscos. Na Grande S\u00e3o Paulo, uma camada de n\u00e9voa \u00famida encobriu a cidade neste in\u00edcio de manh\u00e3. A n\u00e9voa se formou por conta do ar \u00famido que entrou na cidade com a passagem de uma frente fria pelo litoral paulista. Ao longo do dia ocorrem algumas aberturas de sol e n\u00e3o chove em S\u00e3o Paulo.\u00a0<\/p>\n<p>De acordo com os meteorologistas da Climatempo, o fim de semana ser\u00e1 de sol e tempo firme em todo o Estado de S\u00e3o Paulo. Uma massa de ar seco ganha for\u00e7a e inibe a forma\u00e7\u00e3o de nuvens de chuva. Faz um pouco de calor. No s\u00e1bado, m\u00e1xima prevista de 27\u00b0C. O Dia dos Pais ser\u00e1 de sol e temperatura em eleva\u00e7\u00e3o \u00e0 tarde. M\u00e1xima de 26\u00b0C.<\/p>\n<p>Sobre o Grupo Climatempo<\/p>\n<p>O Grupo Climatempo \u00e9 a maior empresa privada de meteorologia do pa\u00eds. Uma holding formada pela Climatempo Consultoria, Ag\u00eancia Climatempo, a TV Climatempo e a CLIMANET (Internet, servi\u00e7os de tecnologia e inform\u00e1tica). Atualmente, o Grupo Climatempo fornece conte\u00fado para os principais portais do pa\u00eds, mais de 50 retransmissoras de televis\u00e3o do Brasil, r\u00e1dios e tem cerca de mil clientes. Os dois principais segmentos atendidos s\u00e3o o de agroneg\u00f3cios e meios de comunica\u00e7\u00e3o. Al\u00e9m destes, fornece conte\u00fado meteorol\u00f3gico estrat\u00e9gico para produtoras, a ind\u00fastria eletroeletr\u00f4nica e t\u00eaxtil, com\u00e9rcio, moda e turismo, constru\u00e7\u00e3o civil, setor de energia, entre outros setores.<\/p>\n<p>O Grupo \u00e9 presidido pelo meteorologista Carlos Magno, um dos primeiros comunicadores da profiss\u00e3o no Pa\u00eds, com mais de 23 anos de carreira, que ajudou a mudar a cultura que o brasileiro tinha sobre a meteorologia. O Grupo Climatempo conta ainda com Ana L\u00facia Frony vice-presidente, Renato Urbinder, s\u00f3cio-diretor (Diretor de Neg\u00f3cios e Projetos Especiais), e os diretores executivos Gilca Palma (Climatempo Meteorologia), Andr\u00e9 Madeira (Ag\u00eancia Climatempo) e o jornalista Paulo Polli (TV Climatempo) no Conselho Consultivo.<\/p>\n","protected":false},"excerpt":{"rendered":"<p>Fim de semana ser\u00e1 de sol e temperatura em eleva\u00e7\u00e3o \u00e0 tarde, segundo a Climatempo. Depois de um dia com calor de 35\u00baC e sol forte, a passagem de uma frente fria mudou as condi\u00e7\u00f5es do tempo no litoral de S\u00e3o Paulo. Nuvens baixas deixam o c\u00e9u todo nublado e podem provocar chuviscos. Na Grande [&hellip;]<\/p>\n","protected":false},"author":3,"featured_media":0,"comment_status":"open","ping_status":"open","sticky":false,"template":"","format":"standard","meta":{"tdm_status":"","tdm_grid_status":"","footnotes":""},"categories":[22,327],"tags":[],"class_list":{"0":"post-7878","1":"post","2":"type-post","3":"status-publish","4":"format-standard","6":"category-brasil","7":"category-clima"},"_links":{"self":[{"href":"https:\/\/migracao.redenoticia.com.br\/noticia\/wp-json\/wp\/v2\/posts\/7878","targetHints":{"allow":["GET"]}}],"collection":[{"href":"https:\/\/migracao.redenoticia.com.br\/noticia\/wp-json\/wp\/v2\/posts"}],"about":[{"href":"https:\/\/migracao.redenoticia.com.br\/noticia\/wp-json\/wp\/v2\/types\/post"}],"author":[{"embeddable":true,"href":"https:\/\/migracao.redenoticia.com.br\/noticia\/wp-json\/wp\/v2\/users\/3"}],"replies":[{"embeddable":true,"href":"https:\/\/migracao.redenoticia.com.br\/noticia\/wp-json\/wp\/v2\/comments?post=7878"}],"version-history":[{"count":0,"href":"https:\/\/migracao.redenoticia.com.br\/noticia\/wp-json\/wp\/v2\/posts\/7878\/revisions"}],"wp:attachment":[{"href":"https:\/\/migracao.redenoticia.com.br\/noticia\/wp-json\/wp\/v2\/media?parent=7878"}],"wp:term":[{"taxonomy":"category","embeddable":true,"href":"https:\/\/migracao.redenoticia.com.br\/noticia\/wp-json\/wp\/v2\/categories?post=7878"},{"taxonomy":"post_tag","embeddable":true,"href":"https:\/\/migracao.redenoticia.com.br\/noticia\/wp-json\/wp\/v2\/tags?post=7878"}],"curies":[{"name":"wp","href":"https:\/\/api.w.org\/{rel}","templated":true}]}}