{"id":7880,"date":"2009-08-07T11:00:28","date_gmt":"2009-08-07T15:00:28","guid":{"rendered":"http:\/\/www.redenoticia.com.br\/noticia\/?p=7880"},"modified":"2009-08-07T15:27:54","modified_gmt":"2009-08-07T19:27:54","slug":"rede-record-domingo-espetacular-exibe-os-bastidores-da-prisao-do-assaltante-do-banco-central","status":"publish","type":"post","link":"https:\/\/migracao.redenoticia.com.br\/noticia\/2009\/rede-record-domingo-espetacular-exibe-os-bastidores-da-prisao-do-assaltante-do-banco-central\/7880","title":{"rendered":"Rede Record Domingo Espetacular exibe os bastidores da pris\u00e3o do assaltante do banco central"},"content":{"rendered":"<p>No pr\u00f3ximo domingo (09\/08) a revista eletr\u00f4nica da Rede Record revela com exclusividade o flagrante da pris\u00e3o de Mois\u00e9s da Silva Teixeira, o \u00faltimo l\u00edder do maior assalto a banco da hist\u00f3ria do Pa\u00eds. Os rep\u00f3rteres do Domingo Espetacular esclarecem por que o criminoso estava solto at\u00e9 hoje em S\u00e3o Paulo. Em entrevista no momento da pris\u00e3o, Mois\u00e9s conta detalhes do assalto de mais de R$ 160 milh\u00f5es, desde o planejamento at\u00e9 a divis\u00e3o do dinheiro. Ele fala das cirurgias pl\u00e1sticas que fez para passar despercebido e da extors\u00e3o que sofreu durante anos por parte da Pol\u00edcia Civil.<\/p>\n<p>O jornal\u00edstico exibe ainda os mist\u00e9rios da morte da adolescente Jacqueline Ruas, de 15 anos, que morreu no avi\u00e3o, na volta de uma excurs\u00e3o \u00e0 Disney. Ela tinha pneumonia e n\u00e3o podia viajar de avi\u00e3o. Ser\u00e1 que ela estava realmente com gripe su\u00edna? Como foi o atendimento m\u00e9dico nos EUA? Quem responde pela ordem de embarque? O Domingo Espetacular esclarece todas essas quest\u00f5es.<\/p>\n<p>E mais: pais separados, filhos enganados. O jornalista Paulo Henrique Amorim mostra hist\u00f3rias dram\u00e1ticas de m\u00e3es que mentem para manter os filhos longe do pai. A mat\u00e9ria mostra por que a lei pode mudar para punir essas m\u00e3es.<\/p>\n<p>No quadro &#8220;Dr. Pet&#8221;, Alexandre Rossi tem mais uma dif\u00edcil miss\u00e3o e enfrenta uma verdadeira fera. O cachorro sans\u00e3o \u00e9 t\u00e3o bravo que nunca saiu de casa. Ele ataca at\u00e9 os donos. Ser\u00e1 que o Dr. Pet consegue resolver esse problema?<\/p>\n<p>O Domingo Espetacular vai ao ar \u00e0s 17h.<\/p>\n","protected":false},"excerpt":{"rendered":"<p>No pr\u00f3ximo domingo (09\/08) a revista eletr\u00f4nica da Rede Record revela com exclusividade o flagrante da pris\u00e3o de Mois\u00e9s da Silva Teixeira, o \u00faltimo l\u00edder do maior assalto a banco da hist\u00f3ria do Pa\u00eds. Os rep\u00f3rteres do Domingo Espetacular esclarecem por que o criminoso estava solto at\u00e9 hoje em S\u00e3o Paulo. Em entrevista no momento [&hellip;]<\/p>\n","protected":false},"author":3,"featured_media":0,"comment_status":"open","ping_status":"open","sticky":false,"template":"","format":"standard","meta":{"tdm_status":"","tdm_grid_status":"","footnotes":""},"categories":[22,343],"tags":[],"class_list":{"0":"post-7880","1":"post","2":"type-post","3":"status-publish","4":"format-standard","6":"category-brasil","7":"category-televisao"},"_links":{"self":[{"href":"https:\/\/migracao.redenoticia.com.br\/noticia\/wp-json\/wp\/v2\/posts\/7880","targetHints":{"allow":["GET"]}}],"collection":[{"href":"https:\/\/migracao.redenoticia.com.br\/noticia\/wp-json\/wp\/v2\/posts"}],"about":[{"href":"https:\/\/migracao.redenoticia.com.br\/noticia\/wp-json\/wp\/v2\/types\/post"}],"author":[{"embeddable":true,"href":"https:\/\/migracao.redenoticia.com.br\/noticia\/wp-json\/wp\/v2\/users\/3"}],"replies":[{"embeddable":true,"href":"https:\/\/migracao.redenoticia.com.br\/noticia\/wp-json\/wp\/v2\/comments?post=7880"}],"version-history":[{"count":0,"href":"https:\/\/migracao.redenoticia.com.br\/noticia\/wp-json\/wp\/v2\/posts\/7880\/revisions"}],"wp:attachment":[{"href":"https:\/\/migracao.redenoticia.com.br\/noticia\/wp-json\/wp\/v2\/media?parent=7880"}],"wp:term":[{"taxonomy":"category","embeddable":true,"href":"https:\/\/migracao.redenoticia.com.br\/noticia\/wp-json\/wp\/v2\/categories?post=7880"},{"taxonomy":"post_tag","embeddable":true,"href":"https:\/\/migracao.redenoticia.com.br\/noticia\/wp-json\/wp\/v2\/tags?post=7880"}],"curies":[{"name":"wp","href":"https:\/\/api.w.org\/{rel}","templated":true}]}}