{"id":7883,"date":"2009-08-07T11:09:23","date_gmt":"2009-08-07T15:09:23","guid":{"rendered":"http:\/\/www.redenoticia.com.br\/noticia\/?p=7883"},"modified":"2009-08-10T18:57:24","modified_gmt":"2009-08-10T22:57:24","slug":"rede-record-esporte-fantastico-exibe-entrevista-exclusiva-com-muricy-ramalho","status":"publish","type":"post","link":"https:\/\/migracao.redenoticia.com.br\/noticia\/2009\/rede-record-esporte-fantastico-exibe-entrevista-exclusiva-com-muricy-ramalho\/7883","title":{"rendered":"Rede Record Esporte Fant\u00e1stico exibe entrevista exclusiva com Muricy Ramalho"},"content":{"rendered":"<p><a href=\"https:\/\/migracao.redenoticia.com.br\/noticia\/imagens\/\/murici.jpg\"><img loading=\"lazy\" decoding=\"async\" class=\"alignleft size-medium wp-image-7884\" title=\"murici\" src=\"https:\/\/migracao.redenoticia.com.br\/noticia\/imagens\/\/murici-249x187.jpg\" alt=\"murici\" width=\"249\" height=\"187\" \/><\/a>No pr\u00f3ximo domingo, dia 09\/08, \u00e0s 9h, o programa esportivo da Rede Record apresentado pela jornalista Mylena Ciribelli exibe uma entrevista exclusiva com Muricy Ramalho, o novo t\u00e9cnico do Palmeiras.\u00a0Muricy, que conquistou as tr\u00eas \u00faltimas edi\u00e7\u00f5es do Campeonato Brasileiro comandando o S\u00e3o Paulo, recebeu o rep\u00f3rter Roberto Thom\u00e9 no Centro de Treinamento do Palmeiras, localizado no bairro da Barra Funda, em S\u00e3o Paulo.\u00a0<\/p>\n<p>Em um bate-papo descontra\u00eddo, Muricy revelou detalhes sobre a sua demiss\u00e3o do S\u00e3o Paulo, contou quais foram os principais motivos que o fizeram aceitar o convite do clube rival e tamb\u00e9m sobre o novo desafio de uma carreira vitoriosa.\u00a0Conhecido como carrancudo e mal humorado, caracter\u00edstica que ele nunca fez quest\u00e3o de esconder, Muricy Ramalho revela um lado pouco conhecido pela grande maioria dos torcedores.<\/p>\n<p>O Esporte Fant\u00e1stico exibe ainda um flagrante do Minist\u00e9rio do Trabalho, em Minas Gerais. O rep\u00f3rter F\u00e1bio Pizato percorreu o caminho de ilus\u00f5es e sacrif\u00edcios dos candidatos a craque. Come\u00e7ou com os garotos das categorias de base do S\u00e3o Paulo, que t\u00eam um centro de treinamento moderno a disposi\u00e7\u00e3o e diversos profissionais em v\u00e1rias \u00e1reas para acompanh\u00e1-los. Longe dali, outra hist\u00f3ria, outra realidade. Dezenas de garotos que jogam futebol no Fabril, um antigo clube de Lavras, no interior de Minas Gerais. Meninos moram em dois alojamentos que n\u00e3o t\u00eam qualquer conforto. O cen\u00e1rio foi revelado numa blitz do Minist\u00e9rio do Trabalho de Minas Gerais. A equipe do Esporte Fant\u00e1stico acompanhou todos os detalhes desse flagrante.<\/p>\n<p>Al\u00e9m de exibir os mais belos gols do futebol brasileiro e dos principais campeonatos internacionais, o Esporte Fant\u00e1stico revela ainda os detalhes do caso que abalou o atletismo brasileiro. Os atletas Bruno Ten\u00f3rio, Lucimara Silvestre, Jorge C\u00e9lio Sena, Josiane Tito e Luciana Fran\u00e7a foram flagrados no exame antidoping e est\u00e3o fora do Mundial da Alemanha. A equipe de reportagem do programa mostra a droga que tirou os cinco brasileiros da competi\u00e7\u00e3o.<\/p>\n<p>O Esporte Fant\u00e1stico vai ao ar neste domingo (09), \u00e0s 9h.<\/p>\n","protected":false},"excerpt":{"rendered":"<p>No pr\u00f3ximo domingo, dia 09\/08, \u00e0s 9h, o programa esportivo da Rede Record apresentado pela jornalista Mylena Ciribelli exibe uma entrevista exclusiva com Muricy Ramalho, o novo t\u00e9cnico do Palmeiras.\u00a0Muricy, que conquistou as tr\u00eas \u00faltimas edi\u00e7\u00f5es do Campeonato Brasileiro comandando o S\u00e3o Paulo, recebeu o rep\u00f3rter Roberto Thom\u00e9 no Centro de Treinamento do Palmeiras, localizado [&hellip;]<\/p>\n","protected":false},"author":3,"featured_media":0,"comment_status":"open","ping_status":"open","sticky":false,"template":"","format":"standard","meta":{"tdm_status":"","tdm_grid_status":"","footnotes":""},"categories":[22,343],"tags":[],"class_list":{"0":"post-7883","1":"post","2":"type-post","3":"status-publish","4":"format-standard","6":"category-brasil","7":"category-televisao"},"_links":{"self":[{"href":"https:\/\/migracao.redenoticia.com.br\/noticia\/wp-json\/wp\/v2\/posts\/7883","targetHints":{"allow":["GET"]}}],"collection":[{"href":"https:\/\/migracao.redenoticia.com.br\/noticia\/wp-json\/wp\/v2\/posts"}],"about":[{"href":"https:\/\/migracao.redenoticia.com.br\/noticia\/wp-json\/wp\/v2\/types\/post"}],"author":[{"embeddable":true,"href":"https:\/\/migracao.redenoticia.com.br\/noticia\/wp-json\/wp\/v2\/users\/3"}],"replies":[{"embeddable":true,"href":"https:\/\/migracao.redenoticia.com.br\/noticia\/wp-json\/wp\/v2\/comments?post=7883"}],"version-history":[{"count":0,"href":"https:\/\/migracao.redenoticia.com.br\/noticia\/wp-json\/wp\/v2\/posts\/7883\/revisions"}],"wp:attachment":[{"href":"https:\/\/migracao.redenoticia.com.br\/noticia\/wp-json\/wp\/v2\/media?parent=7883"}],"wp:term":[{"taxonomy":"category","embeddable":true,"href":"https:\/\/migracao.redenoticia.com.br\/noticia\/wp-json\/wp\/v2\/categories?post=7883"},{"taxonomy":"post_tag","embeddable":true,"href":"https:\/\/migracao.redenoticia.com.br\/noticia\/wp-json\/wp\/v2\/tags?post=7883"}],"curies":[{"name":"wp","href":"https:\/\/api.w.org\/{rel}","templated":true}]}}