{"id":78835,"date":"2015-12-16T15:11:21","date_gmt":"2015-12-16T17:11:21","guid":{"rendered":"http:\/\/www.redenoticia.com.br\/noticia\/?p=78835"},"modified":"2015-12-16T15:11:21","modified_gmt":"2015-12-16T17:11:21","slug":"fuvest-divulga-nota-de-corte-e-data-de-convocacao-para-segunda-fase","status":"publish","type":"post","link":"https:\/\/migracao.redenoticia.com.br\/noticia\/2015\/fuvest-divulga-nota-de-corte-e-data-de-convocacao-para-segunda-fase\/78835","title":{"rendered":"Fuvest divulga nota de corte e data de convoca\u00e7\u00e3o para segunda fase"},"content":{"rendered":"<p>A <em><strong>Fuvest<\/strong><\/em> divulgou a nota de corte da primeira fase do Vestibular 2016. Esse \u00e9 o n\u00famero m\u00ednimo de pontos, por carreira, necess\u00e1rio para o acesso \u00e0 segunda fase do exame. A divulga\u00e7\u00e3o da lista com os nomes dos aprovados e dos respectivos locais de exame da segunda fase, prevista no Manual do Candidato para dia 21 de dezembro, ser\u00e1 antecipada para o dia 18 de dezembro.<\/p>\n<p>Incluindo-se os &#8220;treineiros&#8221;, o total geral de convocados para a segunda fase ser\u00e1 de 25.967. Os endere\u00e7os para a realiza\u00e7\u00e3o das provas n\u00e3o ser\u00e3o, necessariamente, os mesmos da primeira fase. A lista completa das carreiras com as notas de corte para 2016 pode ser acessada .<\/p>\n<p>As provas da segunda fase ter\u00e3o in\u00edcio \u00e0s 13 horas do dia 10 de janeiro, estendendo-se at\u00e9 12 de janeiro. Orienta\u00e7\u00f5es gerais podem ser obtidas nas p\u00e1ginas 43 e 44 do Manual do Candidato.<\/p>\n<p>Mais informa\u00e7\u00f5es podem ser acessadas no .<\/p>\n<p>Do Portal do Governo do Estado SP<\/p>\n","protected":false},"excerpt":{"rendered":"<p>A Fuvest divulgou a nota de corte da primeira fase do Vestibular 2016. Esse \u00e9 o n\u00famero m\u00ednimo de pontos, por carreira, necess\u00e1rio para o acesso \u00e0 segunda fase do exame. A divulga\u00e7\u00e3o da lista com os nomes dos aprovados e dos respectivos locais de exame da segunda fase, prevista no Manual do Candidato para [&hellip;]<\/p>\n","protected":false},"author":2,"featured_media":36244,"comment_status":"open","ping_status":"closed","sticky":false,"template":"","format":"standard","meta":{"tdm_status":"","tdm_grid_status":"","footnotes":""},"categories":[22,370,295],"tags":[],"class_list":{"0":"post-78835","1":"post","2":"type-post","3":"status-publish","4":"format-standard","5":"has-post-thumbnail","7":"category-brasil","8":"category-inscricao","9":"category-vestibular"},"_links":{"self":[{"href":"https:\/\/migracao.redenoticia.com.br\/noticia\/wp-json\/wp\/v2\/posts\/78835","targetHints":{"allow":["GET"]}}],"collection":[{"href":"https:\/\/migracao.redenoticia.com.br\/noticia\/wp-json\/wp\/v2\/posts"}],"about":[{"href":"https:\/\/migracao.redenoticia.com.br\/noticia\/wp-json\/wp\/v2\/types\/post"}],"author":[{"embeddable":true,"href":"https:\/\/migracao.redenoticia.com.br\/noticia\/wp-json\/wp\/v2\/users\/2"}],"replies":[{"embeddable":true,"href":"https:\/\/migracao.redenoticia.com.br\/noticia\/wp-json\/wp\/v2\/comments?post=78835"}],"version-history":[{"count":0,"href":"https:\/\/migracao.redenoticia.com.br\/noticia\/wp-json\/wp\/v2\/posts\/78835\/revisions"}],"wp:featuredmedia":[{"embeddable":true,"href":"https:\/\/migracao.redenoticia.com.br\/noticia\/wp-json\/wp\/v2\/media\/36244"}],"wp:attachment":[{"href":"https:\/\/migracao.redenoticia.com.br\/noticia\/wp-json\/wp\/v2\/media?parent=78835"}],"wp:term":[{"taxonomy":"category","embeddable":true,"href":"https:\/\/migracao.redenoticia.com.br\/noticia\/wp-json\/wp\/v2\/categories?post=78835"},{"taxonomy":"post_tag","embeddable":true,"href":"https:\/\/migracao.redenoticia.com.br\/noticia\/wp-json\/wp\/v2\/tags?post=78835"}],"curies":[{"name":"wp","href":"https:\/\/api.w.org\/{rel}","templated":true}]}}