{"id":78837,"date":"2015-12-16T15:31:59","date_gmt":"2015-12-16T17:31:59","guid":{"rendered":"http:\/\/www.redenoticia.com.br\/noticia\/?p=78837"},"modified":"2015-12-16T15:31:59","modified_gmt":"2015-12-16T17:31:59","slug":"morador-de-sumare-contrai-zika-por-transfusao-de-sangue-confirma-hemocentro","status":"publish","type":"post","link":"https:\/\/migracao.redenoticia.com.br\/noticia\/2015\/morador-de-sumare-contrai-zika-por-transfusao-de-sangue-confirma-hemocentro\/78837","title":{"rendered":"Morador de Sumar\u00e9 contrai zika por transfus\u00e3o de sangue, confirma Hemocentro"},"content":{"rendered":"<p>Um homem de 52 anos, morador de Sumar\u00e9, na regi\u00e3o de Campinas, foi infectado pelo <strong><em>v\u00edrus Zika<\/em><\/strong> por meio de transfus\u00e3o de sangue, confirmou o Hemocentro da Universidade Estadual de Campinas (Unicamp). A identifica\u00e7\u00e3o do v\u00edrus n\u00e3o faz parte dos exames laboratoriais obrigat\u00f3rios na triagem de doadores de sangue. At\u00e9 ent\u00e3o, a transmiss\u00e3o vinha ocorrendo por meio do mosquito Aedes aegypti.<\/p>\n<p>Segundo o Hemocentro, em mar\u00e7o deste ano, um portador do v\u00edrus Zika notou o aparecimento de sintomas logo ap\u00f3s fazer a doa\u00e7\u00e3o de sangue e sup\u00f4s que estivesse com dengue. O Hemocentro enviou, ent\u00e3o, amostras do sangue do doador para o Instituto Adolfo Lutz, que confirmou a presen\u00e7a do v\u00edrus Zika.<\/p>\n<p>De acordo com a Secretaria de Vigil\u00e2ncia em Sa\u00fade, a zika \u00e9 caracterizada por febre, dores nas articula\u00e7\u00f5es e manchas vermelhas pelo corpo, com dura\u00e7\u00e3o de tr\u00eaa a sete dias. Geralmente, n\u00e3o h\u00e1 complica\u00e7\u00f5es graves e registro de mortes. No m\u00eas passado, por\u00e9m, o Minist\u00e9rio da Sa\u00fade confirmou que o v\u00edrus Zika \u00e9 um dos causadores da microcefalia em beb\u00eas nascidos de m\u00e3es que tiveram a doen\u00e7a durante a gesta\u00e7\u00e3o. O v\u00edrus come\u00e7ou a circular no pa\u00eds este ano, principalmente na Regi\u00e3o Nordeste.<\/p>\n<p>Qualidade do sangue<\/p>\n<p>Em nota, o Hemocentro pede que a popula\u00e7\u00e3o fique tranquila. \u201cA institui\u00e7\u00e3o segue todos os padr\u00f5es internacionais de qualidade na coleta, processamento, armazenamento e distribui\u00e7\u00e3o de sangue e hemoderivados\u201d, informa o texto. \u201cO compromisso do Hemocentro da Unicamp \u00e9 de disponibilizar sangue de qualidade para o uso seguro por qualquer um de n\u00f3s, uma vez que nenhuma pessoa est\u00e1 livre do risco de precisar de uma transfus\u00e3o, em emerg\u00eancias e urg\u00eancias, por exemplo\u201d, destaca.<\/p>\n<p>A Ag\u00eancia Brasil entrou em contato com a Secretaria Estadual de Sa\u00fade e com o Minist\u00e9rio da Sa\u00fade para confirmar se este \u00e9 o primeiro caso de transmiss\u00e3o da zika por transfus\u00e3o de sangue, mas ainda n\u00e3o obteve resposta.<\/p>\n<p>Fernanda Cruz<br \/>\nEdi\u00e7\u00e3o: Talita Cavalcante<br \/>\n16\/12\/2015<\/p>\n","protected":false},"excerpt":{"rendered":"<p>Um homem de 52 anos, morador de Sumar\u00e9, na regi\u00e3o de Campinas, foi infectado pelo v\u00edrus Zika por meio de transfus\u00e3o de sangue, confirmou o Hemocentro da Universidade Estadual de Campinas (Unicamp). A identifica\u00e7\u00e3o do v\u00edrus n\u00e3o faz parte dos exames laboratoriais obrigat\u00f3rios na triagem de doadores de sangue. At\u00e9 ent\u00e3o, a transmiss\u00e3o vinha ocorrendo [&hellip;]<\/p>\n","protected":false},"author":2,"featured_media":18520,"comment_status":"open","ping_status":"closed","sticky":false,"template":"","format":"standard","meta":{"tdm_status":"","tdm_grid_status":"","footnotes":""},"categories":[22,5],"tags":[],"class_list":{"0":"post-78837","1":"post","2":"type-post","3":"status-publish","4":"format-standard","5":"has-post-thumbnail","7":"category-brasil","8":"category-saude-e-vida"},"_links":{"self":[{"href":"https:\/\/migracao.redenoticia.com.br\/noticia\/wp-json\/wp\/v2\/posts\/78837","targetHints":{"allow":["GET"]}}],"collection":[{"href":"https:\/\/migracao.redenoticia.com.br\/noticia\/wp-json\/wp\/v2\/posts"}],"about":[{"href":"https:\/\/migracao.redenoticia.com.br\/noticia\/wp-json\/wp\/v2\/types\/post"}],"author":[{"embeddable":true,"href":"https:\/\/migracao.redenoticia.com.br\/noticia\/wp-json\/wp\/v2\/users\/2"}],"replies":[{"embeddable":true,"href":"https:\/\/migracao.redenoticia.com.br\/noticia\/wp-json\/wp\/v2\/comments?post=78837"}],"version-history":[{"count":0,"href":"https:\/\/migracao.redenoticia.com.br\/noticia\/wp-json\/wp\/v2\/posts\/78837\/revisions"}],"wp:featuredmedia":[{"embeddable":true,"href":"https:\/\/migracao.redenoticia.com.br\/noticia\/wp-json\/wp\/v2\/media\/18520"}],"wp:attachment":[{"href":"https:\/\/migracao.redenoticia.com.br\/noticia\/wp-json\/wp\/v2\/media?parent=78837"}],"wp:term":[{"taxonomy":"category","embeddable":true,"href":"https:\/\/migracao.redenoticia.com.br\/noticia\/wp-json\/wp\/v2\/categories?post=78837"},{"taxonomy":"post_tag","embeddable":true,"href":"https:\/\/migracao.redenoticia.com.br\/noticia\/wp-json\/wp\/v2\/tags?post=78837"}],"curies":[{"name":"wp","href":"https:\/\/api.w.org\/{rel}","templated":true}]}}