{"id":78843,"date":"2015-12-16T15:36:19","date_gmt":"2015-12-16T17:36:19","guid":{"rendered":"http:\/\/www.redenoticia.com.br\/noticia\/?p=78843"},"modified":"2015-12-16T15:36:19","modified_gmt":"2015-12-16T17:36:19","slug":"fitch-rebaixa-nota-e-brasil-perde-grau-de-investimento","status":"publish","type":"post","link":"https:\/\/migracao.redenoticia.com.br\/noticia\/2015\/fitch-rebaixa-nota-e-brasil-perde-grau-de-investimento\/78843","title":{"rendered":"Fitch rebaixa nota e Brasil perde grau de investimento"},"content":{"rendered":"<p> A ag\u00eancia de classifica\u00e7\u00e3o de risco Fitch Ratings retirou o <strong><em>grau de investimento do Brasil<\/em><\/strong>, com rebaixamento da nota soberana do pa\u00eds. O grau de investimento \u00e9 conferido a pa\u00edses considerados bons pagadores e seguros para investir. A nota do Brasil passou de BBB- para BB+.<\/p>\n<p>Al\u00e9m de rebaixar, o Fitch colocou o Brasil em perspectiva negativa. Essa \u00e9 a segunda ag\u00eancia de classifica\u00e7\u00e3o de risco a retirar o grau de investimento do Brasil. Em setembro, a Standard&amp;Poor&#8217;s reduziu a nota de cr\u00e9dito do Brasil de BBB- para BB+, com perspectiva negativa.<\/p>\n<p>Quando duas ag\u00eancias retiram o grau de investimento, fundos estrangeiros t\u00eam que retirar recursos aplicados no pa\u00eds.<\/p>\n<p>A classifica\u00e7\u00e3o de risco por ag\u00eancias estrangeiras representa uma medida de confian\u00e7a dos investidores internacionais na economia de determinado pa\u00eds. As notas servem como refer\u00eancia para os juros dos t\u00edtulos p\u00fablicos, que representam o custo para o governo pegar dinheiro emprestado dos investidores. As ag\u00eancias tamb\u00e9m atribuem notas aos t\u00edtulos que empresas emitem no mercado financeiro, avaliando a capacidade de as companhias honrarem os compromissos.<\/p>\n<p>O grau de investimento funciona como um atestado de que os pa\u00edses n\u00e3o correm risco de dar calote na d\u00edvida p\u00fablica. Abaixo dessa categoria, est\u00e1 o grau especulativo, cuja probabilidade de deixar de pagar a d\u00edvida p\u00fablica sobe \u00e0 medida que a nota diminui. Quando um pa\u00eds d\u00e1 calote, os t\u00edtulos passam a ser considerados como de lixo. O mesmo vale para as empresas.<\/p>\n<p>As ag\u00eancias mais conceituadas pelo mercado s\u00e3o a Fitch, a Moody&#8217;s e a Standard &amp; Poor&#8217;s (S&amp;P), que periodicamente mandam t\u00e9cnicos aos pa\u00edses avaliados para analisarem as condi\u00e7\u00f5es da economia. Uma avalia\u00e7\u00e3o positiva faz um pa\u00eds e suas empresas levantarem recursos no mercado internacional com custos menores e melhores condi\u00e7\u00f5es de pagamento. Da mesma forma, uma boa classifica\u00e7\u00e3o atrai investimentos estrangeiros ao pa\u00eds.<\/p>\n<p>Kelly Oliveira \u2013 Rep\u00f3rter da Ag\u00eancia Brasil<br \/>\nEdi\u00e7\u00e3o: Juliana Andrade<br \/>\n16\/12\/2015<\/p>\n","protected":false},"excerpt":{"rendered":"<p>A ag\u00eancia de classifica\u00e7\u00e3o de risco Fitch Ratings retirou o grau de investimento do Brasil, com rebaixamento da nota soberana do pa\u00eds. O grau de investimento \u00e9 conferido a pa\u00edses considerados bons pagadores e seguros para investir. A nota do Brasil passou de BBB- para BB+. Al\u00e9m de rebaixar, o Fitch colocou o Brasil em [&hellip;]<\/p>\n","protected":false},"author":2,"featured_media":57583,"comment_status":"open","ping_status":"closed","sticky":false,"template":"","format":"standard","meta":{"tdm_status":"","tdm_grid_status":"","footnotes":""},"categories":[22,7],"tags":[],"class_list":{"0":"post-78843","1":"post","2":"type-post","3":"status-publish","4":"format-standard","5":"has-post-thumbnail","7":"category-brasil","8":"category-economia"},"_links":{"self":[{"href":"https:\/\/migracao.redenoticia.com.br\/noticia\/wp-json\/wp\/v2\/posts\/78843","targetHints":{"allow":["GET"]}}],"collection":[{"href":"https:\/\/migracao.redenoticia.com.br\/noticia\/wp-json\/wp\/v2\/posts"}],"about":[{"href":"https:\/\/migracao.redenoticia.com.br\/noticia\/wp-json\/wp\/v2\/types\/post"}],"author":[{"embeddable":true,"href":"https:\/\/migracao.redenoticia.com.br\/noticia\/wp-json\/wp\/v2\/users\/2"}],"replies":[{"embeddable":true,"href":"https:\/\/migracao.redenoticia.com.br\/noticia\/wp-json\/wp\/v2\/comments?post=78843"}],"version-history":[{"count":0,"href":"https:\/\/migracao.redenoticia.com.br\/noticia\/wp-json\/wp\/v2\/posts\/78843\/revisions"}],"wp:featuredmedia":[{"embeddable":true,"href":"https:\/\/migracao.redenoticia.com.br\/noticia\/wp-json\/wp\/v2\/media\/57583"}],"wp:attachment":[{"href":"https:\/\/migracao.redenoticia.com.br\/noticia\/wp-json\/wp\/v2\/media?parent=78843"}],"wp:term":[{"taxonomy":"category","embeddable":true,"href":"https:\/\/migracao.redenoticia.com.br\/noticia\/wp-json\/wp\/v2\/categories?post=78843"},{"taxonomy":"post_tag","embeddable":true,"href":"https:\/\/migracao.redenoticia.com.br\/noticia\/wp-json\/wp\/v2\/tags?post=78843"}],"curies":[{"name":"wp","href":"https:\/\/api.w.org\/{rel}","templated":true}]}}