{"id":78845,"date":"2015-12-16T15:37:56","date_gmt":"2015-12-16T17:37:56","guid":{"rendered":"http:\/\/www.redenoticia.com.br\/noticia\/?p=78845"},"modified":"2015-12-16T15:37:56","modified_gmt":"2015-12-16T17:37:56","slug":"cni-projeta-queda-de-33-na-economia-e-inflacao-em-105-este-ano","status":"publish","type":"post","link":"https:\/\/migracao.redenoticia.com.br\/noticia\/2015\/cni-projeta-queda-de-33-na-economia-e-inflacao-em-105-este-ano\/78845","title":{"rendered":"CNI projeta queda de 3,3% na economia e infla\u00e7\u00e3o em 10,5% este ano"},"content":{"rendered":"<p> A economia deve encolher 3,3%, este ano, e continuar em queda em 2016, com retra\u00e7\u00e3o estimada em 2,6%, de acordo com proje\u00e7\u00f5es da Confedera\u00e7\u00e3o Nacional da Ind\u00fastria (CNI). Na avalia\u00e7\u00e3o da confedera\u00e7\u00e3o, a queda do Produto Interno Bruto (PIB) vem acompanhada da volta da <strong><em>infla\u00e7\u00e3o<\/em><\/strong> de dois d\u00edgitos este ano (10,5%). No pr\u00f3ximo ano, a estimativa para o \u00cdndice Nacional de Pre\u00e7os ao Consumidor Amplo (IPCA) \u00e9 6,8%.<\/p>\n<p>A proje\u00e7\u00e3o para a queda da ind\u00fastria \u00e9 6,4%, este ano, e 4,5%, em 2016. A estimativa para a queda no consumo das fam\u00edlias \u00e9 3,9%, em 2015, e 3,3%, no pr\u00f3ximo ano. A retra\u00e7\u00e3o dos investimentos (Forma\u00e7\u00e3o Bruta de Capital Fixo) deve chegar a 15,5%, este ano, e 12,3%, em 2016.<\/p>\n<p>A CNI tamb\u00e9m projeta que a taxa de desemprego deve chegar a 8,3% este ano e, em 2016, ser\u00e1 maior: 11%.<\/p>\n<p>A expectativa da CNI \u00e9 que a taxa b\u00e1sica de juros, a Selic, permane\u00e7a em 14,25% ao ano, em 2016.<\/p>\n<p>Resultado prim\u00e1rio<\/p>\n<p>Para a CNI, apesar dos esfor\u00e7os do governo para conter gastos n\u00e3o obrigat\u00f3rios, o resultado prim\u00e1rio (receitas menos despesas, descontados gastos com juros) do setor p\u00fablico ser\u00e1 negativo em R$ 49 bilh\u00f5es (d\u00e9ficit de 0,8% do PIB), em 2016. Neste ano, a proje\u00e7\u00e3o de d\u00e9ficit \u00e9 maior: 1,8% do PIB.<\/p>\n<p>Na avalia\u00e7\u00e3o da CNI, a d\u00edvida l\u00edquida do setor p\u00fablico deve subir de 64,3% do PIB, este ano, para 70,6% do PIB, em 2016.<\/p>\n<p>D\u00f3lar<\/p>\n<p>A proje\u00e7\u00e3o para a cota\u00e7\u00e3o m\u00e9dia do d\u00f3lar \u00e9 R$ 3,33, este ano, e R$ 4,20, em 2016. A balan\u00e7a comercial deve fechar este ano superavit\u00e1ria em US$ 18 bilh\u00f5es. Em 2016, a estimativa para o super\u00e1vit comercial \u00e9 US$ 37 bilh\u00f5es. O d\u00e9ficit em conta-corrente, saldo das compras e vendas de mercadorias e servi\u00e7os do Brasil com o mundo, deve ficar em US$ 65 bilh\u00f5es, este ano, e em US$ 39 bilh\u00f5es, em 2016.<\/p>\n<p>Kelly Oliveira \u2013 Rep\u00f3rter da Ag\u00eancia Brasil<br \/>\nEdi\u00e7\u00e3o: Talita Cavalcante<br \/>\n16\/12\/2015<\/p>\n","protected":false},"excerpt":{"rendered":"<p>A economia deve encolher 3,3%, este ano, e continuar em queda em 2016, com retra\u00e7\u00e3o estimada em 2,6%, de acordo com proje\u00e7\u00f5es da Confedera\u00e7\u00e3o Nacional da Ind\u00fastria (CNI). Na avalia\u00e7\u00e3o da confedera\u00e7\u00e3o, a queda do Produto Interno Bruto (PIB) vem acompanhada da volta da infla\u00e7\u00e3o de dois d\u00edgitos este ano (10,5%). No pr\u00f3ximo ano, a [&hellip;]<\/p>\n","protected":false},"author":2,"featured_media":57584,"comment_status":"open","ping_status":"closed","sticky":false,"template":"","format":"standard","meta":{"tdm_status":"","tdm_grid_status":"","footnotes":""},"categories":[22,7],"tags":[],"class_list":{"0":"post-78845","1":"post","2":"type-post","3":"status-publish","4":"format-standard","5":"has-post-thumbnail","7":"category-brasil","8":"category-economia"},"_links":{"self":[{"href":"https:\/\/migracao.redenoticia.com.br\/noticia\/wp-json\/wp\/v2\/posts\/78845","targetHints":{"allow":["GET"]}}],"collection":[{"href":"https:\/\/migracao.redenoticia.com.br\/noticia\/wp-json\/wp\/v2\/posts"}],"about":[{"href":"https:\/\/migracao.redenoticia.com.br\/noticia\/wp-json\/wp\/v2\/types\/post"}],"author":[{"embeddable":true,"href":"https:\/\/migracao.redenoticia.com.br\/noticia\/wp-json\/wp\/v2\/users\/2"}],"replies":[{"embeddable":true,"href":"https:\/\/migracao.redenoticia.com.br\/noticia\/wp-json\/wp\/v2\/comments?post=78845"}],"version-history":[{"count":0,"href":"https:\/\/migracao.redenoticia.com.br\/noticia\/wp-json\/wp\/v2\/posts\/78845\/revisions"}],"wp:featuredmedia":[{"embeddable":true,"href":"https:\/\/migracao.redenoticia.com.br\/noticia\/wp-json\/wp\/v2\/media\/57584"}],"wp:attachment":[{"href":"https:\/\/migracao.redenoticia.com.br\/noticia\/wp-json\/wp\/v2\/media?parent=78845"}],"wp:term":[{"taxonomy":"category","embeddable":true,"href":"https:\/\/migracao.redenoticia.com.br\/noticia\/wp-json\/wp\/v2\/categories?post=78845"},{"taxonomy":"post_tag","embeddable":true,"href":"https:\/\/migracao.redenoticia.com.br\/noticia\/wp-json\/wp\/v2\/tags?post=78845"}],"curies":[{"name":"wp","href":"https:\/\/api.w.org\/{rel}","templated":true}]}}