{"id":7899,"date":"2009-08-07T11:41:45","date_gmt":"2009-08-07T15:41:45","guid":{"rendered":"http:\/\/www.redenoticia.com.br\/noticia\/?p=7899"},"modified":"2009-08-09T19:22:23","modified_gmt":"2009-08-09T23:22:23","slug":"o-ceu-nao-e-o-limite","status":"publish","type":"post","link":"https:\/\/migracao.redenoticia.com.br\/noticia\/2009\/o-ceu-nao-e-o-limite\/7899","title":{"rendered":"O c\u00e9u n\u00e3o \u00e9 o limite"},"content":{"rendered":"<p style=\"margin-top: 3.75pt; margin-right: 0cm; margin-bottom: 3.75pt; margin-left: 0cm; text-align: justify; background: white;\"><strong><span style=\"font-family: Arial;\"><a href=\"https:\/\/migracao.redenoticia.com.br\/noticia\/imagens\/\/sol1.jpg\"><img loading=\"lazy\" decoding=\"async\" class=\"alignleft size-full wp-image-7961\" title=\"sol\" src=\"https:\/\/migracao.redenoticia.com.br\/noticia\/imagens\/\/sol1.jpg\" alt=\"sol\" width=\"150\" height=\"113\" \/><\/a>Ag\u00eancia FAPESP<\/span><\/strong><span style=\"font-family: Arial;\"> \u2013 Vice-presidente da Uni\u00e3o Astron\u00f4mica Internacional (IAU, na sigla em ingl\u00eas), a astrof\u00edsica brasileira Beatriz Barbuy, do Instituto de Astronomia, Geof\u00edsica e Ci\u00eancias Atmosf\u00e9ricas (IAG) da Universidade de S\u00e3o Paulo, deixa o cargo no pr\u00f3ximo dia 12, durante a 27\u00aa Assembleia Geral da IAU, realizada no Rio de Janeiro at\u00e9 o dia 14 de agosto, com cientistas de mais de 80 pa\u00edses.<\/span><\/p>\n<p style=\"text-align: justify; background: white;\"><span style=\"font-family: Arial;\">Segundo ela, o fato de esta edi\u00e7\u00e3o do evento ser realizada no Brasil justamente em 2009, ano estabelecido pela Organiza\u00e7\u00e3o das Na\u00e7\u00f5es Unidas (ONU) como o Ano Internacional da Astronomia, \u00e9 uma feliz coincid\u00eancia. \u201cAcabou coincidindo que o evento fosse realizado pela primeira vez aqui com esse marco\u201d, disse \u00e0 <strong>Ag\u00eancia FAPESP<\/strong>.<\/span><\/p>\n<p style=\"text-align: justify; background: white;\"><span style=\"font-family: Arial;\">Coincid\u00eancias \u00e0 parte, a escolha pela ONU n\u00e3o foi \u00e0 toa, pois este ano marca os 400 anos de um dos eventos mais revolucion\u00e1rios da hist\u00f3ria da ci\u00eancia: o primeiro uso astron\u00f4mico de um telesc\u00f3pio por Galileu Galilei. De quebra, em 2009 tamb\u00e9m se comemoram os 40 anos da chegada do homem \u00e0 Lua.<\/span><\/p>\n<p style=\"text-align: justify; background: white;\"><span style=\"font-family: Arial;\">Na entrevista a seguir, a tamb\u00e9m vice-coordenadora do Instituto Nacional de Ci\u00eancia e Tecnologia em Astrof\u00edsica fala sobre importantes avan\u00e7os da astronomia nos \u00faltimos anos e tamb\u00e9m das conquistas e percal\u00e7os enfrentados pelos pesquisadores brasileiros nesse campo do conhecimento.<\/span><\/p>\n<p style=\"text-align: justify; background: white;\"><span style=\"font-family: Arial;\">A professora do IAG coordena a produ\u00e7\u00e3o de uma publica\u00e7\u00e3o com apresenta\u00e7\u00f5es dos pesquisadores brasileiros na assembleia da IAU.<\/span><\/p>\n<p style=\"text-align: justify; background: white;\"><strong><em><span style=\"font-family: Arial;\">Ag\u00eancia FAPESP<\/span><\/em><\/strong><em><span style=\"font-family: Arial;\"> \u2013 Qual \u00e9 a import\u00e2ncia de o Brasil sediar a Assembl\u00e9ia Geral da Uni\u00e3o Astron\u00f4mica Internacional justamente no Ano Internacional da Astronomia?<\/span><\/em><span style=\"font-family: Arial;\"><br \/>\n<strong>Beatriz Barbuy<\/strong> \u2013 A decis\u00e3o de fazer de 2009 o Ano Internacional da Astronomia e a realiza\u00e7\u00e3o da Assembleia Geral da Uni\u00e3o Astron\u00f4mica Internacional no Brasil no mesmo ano foi uma feliz coincid\u00eancia. A cria\u00e7\u00e3o do Ano Internacional da Astronomia foi decidida em uma reuni\u00e3o em 2002, em S\u00e3o Petersburgo, aprovada pela Unesco [<em> Organiza\u00e7\u00e3o das Na\u00e7\u00f5es Unidas para a Educa\u00e7\u00e3o, a Ci\u00eancia e a Cultura<\/em>] em 2005 e finalmente determinada pela ONU em 2007, sendo que j\u00e1 hav\u00edamos decidido fazer o evento no Rio de Janeiro em 2009 desde quando assumi a vice-presid\u00eancia da IAU, h\u00e1 seis anos. Ou seja, acabou coincidindo que o evento fosse realizado aqui com este marco. Em resumo, trata-se de uma grande oportunidade para a astronomia brasileira e a sul-americana, porque traz especialistas de 80 pa\u00edses para discutir avan\u00e7os cient\u00edficos e tecnol\u00f3gicos na \u00e1rea. Por aqui, estamos atrasados em tecnologia. E \u00e9 bom n\u00e3o esquecer que a ci\u00eancia \u00e9 constru\u00edda pelos tijolinhos que cada um de n\u00f3s colocamos, cada um contribuindo com a descoberta do outro.<\/span><\/p>\n<p style=\"text-align: justify; background: white;\"><strong><em><span style=\"font-family: Arial;\">Ag\u00eancia FAPESP<\/span><\/em><\/strong><em><span style=\"font-family: Arial;\"> \u2013 Poderia mencionar alguns desse tijolos, ou seja, avan\u00e7os na astronomia mundial nos \u00faltimos anos?<\/span><\/em><span style=\"font-family: Arial;\"><br \/>\n<strong>Beatriz Barbuy<\/strong> \u2013 Podemos falar dos tr\u00eas maiores avan\u00e7os nos \u00faltimos dez anos. O primeiro foi a constata\u00e7\u00e3o da expans\u00e3o acelerada do Universo, que implica a exist\u00eancia de uma energia escura. Neste per\u00edodo tamb\u00e9m foram detectadas as primeiras estrelas (de alta massa), formadas ap\u00f3s o Big Bang. Acreditamos que a maioria colapsou para formar buracos negros. O terceiro grande avan\u00e7o foi a descoberta dos exoplanetas, que est\u00e3o al\u00e9m do nosso Sol. O primeiro deles foi descoberto em 1995, com o tamanho aproximado de J\u00fapiter. Hoje, conhecemos mais de 350 exoplanetas. O primeiro do tipo terrestre, ou seja, parecido com a Terra, foi descoberto em abril deste ano. Isso tudo \u00e9 importante porque sabemos que teremos que mudar de planeta um dia.<\/span><\/p>\n<p style=\"text-align: justify; background: white;\"><strong><em><span style=\"font-family: Arial;\">Ag\u00eancia FAPESP<\/span><\/em><\/strong><em><span style=\"font-family: Arial;\"> \u2013 A tecnologia tamb\u00e9m avan\u00e7ou e tornou isso tudo poss\u00edvel, n\u00e3o \u00e9?<\/span><\/em><span style=\"font-family: Arial;\"><br \/>\n<strong>Beatriz Barbuy<\/strong> \u2013 Sim, claro. A tecnologia evoluiu muito, especialmente na constru\u00e7\u00e3o dos grandes telesc\u00f3pios, aqueles com espelhos de mais de 8 metros de di\u00e2metro. O Extremely Large Telescope, por exemplo, ter\u00e1 42 metros e mais de mil espelhos de 1,8 metro cada um. O Giant Magellan Telescope ter\u00e1 25 metros, cinco a menos do que o Thirty Meter Telescope. Todos eles estar\u00e3o prontos at\u00e9 o fim da pr\u00f3xima d\u00e9cada. H\u00e1 tamb\u00e9m os telesc\u00f3pios espaciais. H\u00e1 um enorme n\u00famero de sat\u00e9lites. A astronomia \u00e9 uma ci\u00eancia que n\u00e3o tem limites. Outra coisa que evoluiu bastante foi a qualidade da \u00f3ptica na Terra, fundamental para definir a imagem de uma estrela, por exemplo. A turbul\u00eancia n\u00e3o \u00e9 um problema somente para a avia\u00e7\u00e3o. As estrelas cintilam no c\u00e9u por causa da turbul\u00eancia. O c\u00e9u perfeito para a astronomia \u00e9 um c\u00e9u de ar menos turbulento, com estrelas cintilando menos. Ou seja, o que para as pessoas \u00e9 um c\u00e9u bonito, com estrelas cintilando, para a astronomia \u00e9 um problema.<\/span><\/p>\n<p style=\"text-align: justify; background: white;\"><strong><em><span style=\"font-family: Arial;\">Ag\u00eancia FAPESP<\/span><\/em><\/strong><em><span style=\"font-family: Arial;\"> \u2013 Qual \u00e9 o lugar do Brasil no atual cen\u00e1rio astron\u00f4mico mundial?<\/span><\/em><span style=\"font-family: Arial;\"><br \/>\n<strong>Beatriz Barbuy<\/strong> \u2013 Como disse, estamos atrasados em termos de tecnologia. Faz apenas 40 anos que a p\u00f3s-gradua\u00e7\u00e3o na \u00e1rea come\u00e7ou no pa\u00eds. Hoje temos 300 doutores, que precisam dividir o ter\u00e7o do tempo que temos para usar o telesc\u00f3pio Soar e os 2,5% do tempo do Gemini [<em>ambos localizados no Chile<\/em>]. Por outro lado, estamos desenvolvendo a capacidade de constru\u00e7\u00e3o de instrumentos como o espectr\u00f3grafo e o imageador. Temos dois espectr\u00f3grafos que ser\u00e3o instalados no Soar ainda este ano e um imageador infravermelho j\u00e1 est\u00e1 no Chile. E os esfor\u00e7os do governo federal \u2013 por meio do Minist\u00e9rio de Ci\u00eancia e Tecnologia \u2013 e das funda\u00e7\u00f5es de amparo \u00e0 pesquisa \u2013 como a FAPESP \u2013 s\u00e3o muito importantes. As grandes descobertas dos cientistas dos pa\u00edses desenvolvidos s\u00f3 s\u00e3o poss\u00edveis gra\u00e7as \u00e0 facilidade que eles t\u00eam ao acesso aos dados. Foi poss\u00edvel a um grupo, por exemplo, determinar a idade do Universo porque seus integrantes tiveram muito tempo para usar o telesc\u00f3pio Hubble. Mas, como a ci\u00eancia se faz por meio de contribui\u00e7\u00f5es, vale lembrar que os brasileiros t\u00eam dezenas de artigos citados nos trabalhos internacionais recentes, e isso \u00e9 muito importante.<br \/>\n\u00a0<strong>Por Washington Castilhos<\/strong><\/span><\/p>\n","protected":false},"excerpt":{"rendered":"<p>Ag\u00eancia FAPESP \u2013 Vice-presidente da Uni\u00e3o Astron\u00f4mica Internacional (IAU, na sigla em ingl\u00eas), a astrof\u00edsica brasileira Beatriz Barbuy, do Instituto de Astronomia, Geof\u00edsica e Ci\u00eancias Atmosf\u00e9ricas (IAG) da Universidade de S\u00e3o Paulo, deixa o cargo no pr\u00f3ximo dia 12, durante a 27\u00aa Assembleia Geral da IAU, realizada no Rio de Janeiro at\u00e9 o dia 14 [&hellip;]<\/p>\n","protected":false},"author":3,"featured_media":0,"comment_status":"open","ping_status":"open","sticky":false,"template":"","format":"standard","meta":{"tdm_status":"","tdm_grid_status":"","footnotes":""},"categories":[22],"tags":[],"class_list":{"0":"post-7899","1":"post","2":"type-post","3":"status-publish","4":"format-standard","6":"category-brasil"},"_links":{"self":[{"href":"https:\/\/migracao.redenoticia.com.br\/noticia\/wp-json\/wp\/v2\/posts\/7899","targetHints":{"allow":["GET"]}}],"collection":[{"href":"https:\/\/migracao.redenoticia.com.br\/noticia\/wp-json\/wp\/v2\/posts"}],"about":[{"href":"https:\/\/migracao.redenoticia.com.br\/noticia\/wp-json\/wp\/v2\/types\/post"}],"author":[{"embeddable":true,"href":"https:\/\/migracao.redenoticia.com.br\/noticia\/wp-json\/wp\/v2\/users\/3"}],"replies":[{"embeddable":true,"href":"https:\/\/migracao.redenoticia.com.br\/noticia\/wp-json\/wp\/v2\/comments?post=7899"}],"version-history":[{"count":0,"href":"https:\/\/migracao.redenoticia.com.br\/noticia\/wp-json\/wp\/v2\/posts\/7899\/revisions"}],"wp:attachment":[{"href":"https:\/\/migracao.redenoticia.com.br\/noticia\/wp-json\/wp\/v2\/media?parent=7899"}],"wp:term":[{"taxonomy":"category","embeddable":true,"href":"https:\/\/migracao.redenoticia.com.br\/noticia\/wp-json\/wp\/v2\/categories?post=7899"},{"taxonomy":"post_tag","embeddable":true,"href":"https:\/\/migracao.redenoticia.com.br\/noticia\/wp-json\/wp\/v2\/tags?post=7899"}],"curies":[{"name":"wp","href":"https:\/\/api.w.org\/{rel}","templated":true}]}}