{"id":7904,"date":"2009-08-07T11:49:33","date_gmt":"2009-08-07T15:49:33","guid":{"rendered":"http:\/\/www.redenoticia.com.br\/noticia\/?p=7904"},"modified":"2009-08-09T19:31:55","modified_gmt":"2009-08-09T23:31:55","slug":"previsao-do-tempo-baixa-umidade-em-boa-parte-do-brasil","status":"publish","type":"post","link":"https:\/\/migracao.redenoticia.com.br\/noticia\/2009\/previsao-do-tempo-baixa-umidade-em-boa-parte-do-brasil\/7904","title":{"rendered":"Previs\u00e3o do tempo &#8211; baixa umidade em boa parte do Brasil"},"content":{"rendered":"<p>Previs\u00e3o do tempo Brasil &#8211;<strong> <\/strong>A frente fria que avan\u00e7a pela costa brasileira chega \u00e0 S\u00e3o Paulo nesta sexta-feira, propagando nuvens, algumas chuvas fracas, diminui\u00e7\u00e3o do calor e aumento da umidade relativa do ar no leste do Estado. Na Capital Paulista n\u00e3o h\u00e1 previs\u00e3o de chuvas intensas, mas a frente fria melhora a qualidade do ar. O sistema frontal tamb\u00e9m provoca chuvas fracas e decl\u00ednio da temperatura no leste do Paran\u00e1, inclusive Curitiba.<\/p>\n<p>Entre o Rio Grande do Sul e Santa Catarina, as chuvas desta sexta-feira est\u00e3o associadas com a propaga\u00e7\u00e3o de \u00e1reas de instabilidade. Segundo os meteorologistas da Somar, pode chover forte entre a Serra do Rio Grande do Sul e divisa do litoral ga\u00facho e catarinense. Ao longo do dia as temperaturas n\u00e3o passam dos 20\u00b0C na maior parte do Rio Grande do Sul e no centro e leste de Santa Catarina.<\/p>\n<p>J\u00e1 na maior parte do Paran\u00e1, do Sudeste, em todo o Centro-Oeste, no interior do Nordeste e em boa parte da Regi\u00e3o Norte, o dia segue ensolarado e quente. A m\u00e1xima passa facilmente dos 35\u00b0C no norte de Mato grosso do Sul, Mato Grosso, oeste do Maranh\u00e3o e praticamente toda a Regi\u00e3o Norte. Por conta do tempo seco e das temperaturas elevadas, a umidade relativa do ar fica muito baixa, chegando a 10%, 15% no Centro-Oeste e entre 15% e 20% no oeste de Minas Gerais e norte de S\u00e3o Paulo.<\/p>\n<p>No leste e norte do Nordeste, as Ondas de Leste provocam chuvas generalizadas desde a Grande Salvador at\u00e9 o norte do Maranh\u00e3o. A temperatura m\u00e1xima permanece baixa e a sensa\u00e7\u00e3o ser\u00e1 de frio em parte do agreste, entre Alagoas e Para\u00edba. Na Regi\u00e3o Norte, as chuvas atingem o oeste do Acre, oeste do Amazonas, centro e norte de Roraima e norte do Par\u00e1.<\/p>\n<p>Litoral<br \/>\nMais um dia com mar agitado na costa de Alagoas, com ondas de mais de 2 metros em algumas praias por conta dos ventos fortes e da presen\u00e7a das \u00e1reas de instabilidade. Na Regi\u00e3o Sul, esperam-se ventos em torno de 40km\/h, especialmente na costa norte do Rio Grande do Sul.<\/p>\n<p>S\u00e1bado<br \/>\nUma nova frente fria chega ao Rio Grande do Sul e ganha companhia da umidade proveniente da Amaz\u00f4nia e de uma \u00e1rea de baixa press\u00e3o atmosf\u00e9rica. Com isso, a previs\u00e3o \u00e9 de temporais, com acumulado de mais de 60mm no oeste ga\u00facho e em torno de 50mm no centro, leste e sul do Estado. Al\u00e9m das chuvas, as rajadas alcan\u00e7am 90km\/h e h\u00e1 risco de queda de granizo desde o oeste (regi\u00f5es de S\u00e3o Borja e S\u00e3o Luiz Gonzaga) at\u00e9 o leste (regi\u00e3o da Lagoa dos Patos). A temperatura m\u00e1xima permanece baixa no Rio Grande do Sul, com valores inferiores a 20\u00b0C. J\u00e1 em Santa Catarina e Paran\u00e1, o sol e o calor predominam, com m\u00e1xima de quase 28\u00b0C no noroeste e oeste do Paran\u00e1 e em torno dos 25\u00b0C em Santa Catarina.<\/p>\n<p>J\u00e1 a frente fria do leste de S\u00e3o Paulo afasta-se para alto-mar e o s\u00e1bado ser\u00e1 ensolarado, quente e muito aproveit\u00e1vel, inclusive nas praias. Sol e muito calor tamb\u00e9m no Centro-Oeste, interior do Nordeste e boa parte da Regi\u00e3o Norte. H\u00e1 previs\u00e3o de chuvas fracas apenas no leste do Nordeste e no oeste e norte do Amazonas, parte de Roraima, norte do Par\u00e1 e centro e leste do Amap\u00e1.<\/p>\n","protected":false},"excerpt":{"rendered":"<p>Previs\u00e3o do tempo Brasil &#8211; A frente fria que avan\u00e7a pela costa brasileira chega \u00e0 S\u00e3o Paulo nesta sexta-feira, propagando nuvens, algumas chuvas fracas, diminui\u00e7\u00e3o do calor e aumento da umidade relativa do ar no leste do Estado. Na Capital Paulista n\u00e3o h\u00e1 previs\u00e3o de chuvas intensas, mas a frente fria melhora a qualidade do [&hellip;]<\/p>\n","protected":false},"author":3,"featured_media":0,"comment_status":"open","ping_status":"open","sticky":false,"template":"","format":"standard","meta":{"tdm_status":"","tdm_grid_status":"","footnotes":""},"categories":[22,327],"tags":[],"class_list":{"0":"post-7904","1":"post","2":"type-post","3":"status-publish","4":"format-standard","6":"category-brasil","7":"category-clima"},"_links":{"self":[{"href":"https:\/\/migracao.redenoticia.com.br\/noticia\/wp-json\/wp\/v2\/posts\/7904","targetHints":{"allow":["GET"]}}],"collection":[{"href":"https:\/\/migracao.redenoticia.com.br\/noticia\/wp-json\/wp\/v2\/posts"}],"about":[{"href":"https:\/\/migracao.redenoticia.com.br\/noticia\/wp-json\/wp\/v2\/types\/post"}],"author":[{"embeddable":true,"href":"https:\/\/migracao.redenoticia.com.br\/noticia\/wp-json\/wp\/v2\/users\/3"}],"replies":[{"embeddable":true,"href":"https:\/\/migracao.redenoticia.com.br\/noticia\/wp-json\/wp\/v2\/comments?post=7904"}],"version-history":[{"count":0,"href":"https:\/\/migracao.redenoticia.com.br\/noticia\/wp-json\/wp\/v2\/posts\/7904\/revisions"}],"wp:attachment":[{"href":"https:\/\/migracao.redenoticia.com.br\/noticia\/wp-json\/wp\/v2\/media?parent=7904"}],"wp:term":[{"taxonomy":"category","embeddable":true,"href":"https:\/\/migracao.redenoticia.com.br\/noticia\/wp-json\/wp\/v2\/categories?post=7904"},{"taxonomy":"post_tag","embeddable":true,"href":"https:\/\/migracao.redenoticia.com.br\/noticia\/wp-json\/wp\/v2\/tags?post=7904"}],"curies":[{"name":"wp","href":"https:\/\/api.w.org\/{rel}","templated":true}]}}