{"id":7906,"date":"2009-08-07T11:53:02","date_gmt":"2009-08-07T15:53:02","guid":{"rendered":"http:\/\/www.redenoticia.com.br\/noticia\/?p=7906"},"modified":"2009-08-09T19:31:42","modified_gmt":"2009-08-09T23:31:42","slug":"previsao-do-tempo-alerta-para-temporais-no-sul-no-fim-de-semana","status":"publish","type":"post","link":"https:\/\/migracao.redenoticia.com.br\/noticia\/2009\/previsao-do-tempo-alerta-para-temporais-no-sul-no-fim-de-semana\/7906","title":{"rendered":"Previs\u00e3o do tempo alerta para temporais no Sul no fim de semana"},"content":{"rendered":"<p>Previs\u00e3o indica ventos de at\u00e9 70km\/h e risco de queda de granizo. \u00c1reas de instabilidade causam pancadas de chuva e trovoadas em boa parte do Rio Grande do Sul, Santa Catarina e centro e sudoeste do Paran\u00e1 nesta sexta-feira. Segundo os meteorologistas da Somar, h\u00e1 previs\u00e3o de chuvas fortes, com acumulado de at\u00e9 30mm em 24 horas no norte e nordeste do Rio Grande do Sul e no centro e sul de Santa Catarina. No leste e norte do Paran\u00e1, norte de Santa Catarina e em parte do sudoeste do Rio Grande do Sul, o tempo permanece seco e com sol entre nuvens. As temperaturas voltam a cair e hoje a m\u00e1xima n\u00e3o passa de 10\u00b0C na Serra de Santa Catarina. No Rio Grande do Sul e leste do Paran\u00e1, a temperatura a m\u00e1xima prevista \u00e9 de 20\u00b0C. J\u00e1 no noroeste do Paran\u00e1 o calor predomina e os term\u00f4metros chegam a 29\u00b0C.<br \/>\nOs meteorologistas da Somar alertam para a previs\u00e3o de temporais a partir de amanh\u00e3 no Rio Grande do Sul. As \u00e1reas de instabilidade d\u00e3o origem a uma frente fria que causa pancadas de chuva e trovoadas em boa parte do Estado ga\u00facho, sul e oeste de Santa Catarina e sudoeste do Paran\u00e1., com acumulado de mais de 60mm no centro e oeste do Rio Grande do Sul. Al\u00e9m das chuvas, as rajadas alcan\u00e7am 70km\/h e h\u00e1 risco de queda de granizo em algumas localidades. Por outro lado, o s\u00e1bado segue sem chuvas no extremo sul do Rio Grande do Sul, leste e norte de Santa Catarina e na maior parte do Paran\u00e1. Mesmo com a previs\u00e3o de temporais, o calor retorna para boa parte da Regi\u00e3o Sul e a m\u00e1xima alcan\u00e7a 28\u00b0C no oeste e noroeste do Paran\u00e1 e no extremo oeste de Santa Catarina. Apenas na maior parte do Rio Grande do Sul, ainda faz frio, com m\u00e1xima inferior a 20\u00b0C.<\/p>\n<p>No domingo a previs\u00e3o \u00e9 de temporais em boa parte do Rio Grande do Sul, com acumulado de mais de 50mm em v\u00e1rias localidades do Estado. Tamb\u00e9m chove, por\u00e9m de forma mais fraca no centro e sudoeste do Paran\u00e1 e entre o sul, centro e oeste de Santa Catarina. As rajadas alcan\u00e7am 55km\/h nos tr\u00eas Estados da Regi\u00e3o e h\u00e1 risco de queda de granizo no Rio Grande do Sul. No extremo sul ga\u00facho, no leste e norte de Santa Catarina e no leste, centro e norte do Paran\u00e1, o tempo permanece seco, com sol entre nuvens. O frio da madrugada aumenta um pouco no extremo sul ga\u00facho e a m\u00ednima fica entre 6\u00b0C e 8\u00b0C. \u00c0 tarde, a m\u00e1xima n\u00e3o passa dos 20\u00b0C em boa parte do Rio Grande do Sul, sul de Santa Catarina e oeste do Paran\u00e1. Apenas no noroeste do Paran\u00e1 ainda faz calor, com m\u00e1xima de 28\u00b0C.<\/p>\n","protected":false},"excerpt":{"rendered":"<p>Previs\u00e3o indica ventos de at\u00e9 70km\/h e risco de queda de granizo. \u00c1reas de instabilidade causam pancadas de chuva e trovoadas em boa parte do Rio Grande do Sul, Santa Catarina e centro e sudoeste do Paran\u00e1 nesta sexta-feira. Segundo os meteorologistas da Somar, h\u00e1 previs\u00e3o de chuvas fortes, com acumulado de at\u00e9 30mm em [&hellip;]<\/p>\n","protected":false},"author":3,"featured_media":0,"comment_status":"open","ping_status":"open","sticky":false,"template":"","format":"standard","meta":{"tdm_status":"","tdm_grid_status":"","footnotes":""},"categories":[22,327],"tags":[],"class_list":{"0":"post-7906","1":"post","2":"type-post","3":"status-publish","4":"format-standard","6":"category-brasil","7":"category-clima"},"_links":{"self":[{"href":"https:\/\/migracao.redenoticia.com.br\/noticia\/wp-json\/wp\/v2\/posts\/7906","targetHints":{"allow":["GET"]}}],"collection":[{"href":"https:\/\/migracao.redenoticia.com.br\/noticia\/wp-json\/wp\/v2\/posts"}],"about":[{"href":"https:\/\/migracao.redenoticia.com.br\/noticia\/wp-json\/wp\/v2\/types\/post"}],"author":[{"embeddable":true,"href":"https:\/\/migracao.redenoticia.com.br\/noticia\/wp-json\/wp\/v2\/users\/3"}],"replies":[{"embeddable":true,"href":"https:\/\/migracao.redenoticia.com.br\/noticia\/wp-json\/wp\/v2\/comments?post=7906"}],"version-history":[{"count":0,"href":"https:\/\/migracao.redenoticia.com.br\/noticia\/wp-json\/wp\/v2\/posts\/7906\/revisions"}],"wp:attachment":[{"href":"https:\/\/migracao.redenoticia.com.br\/noticia\/wp-json\/wp\/v2\/media?parent=7906"}],"wp:term":[{"taxonomy":"category","embeddable":true,"href":"https:\/\/migracao.redenoticia.com.br\/noticia\/wp-json\/wp\/v2\/categories?post=7906"},{"taxonomy":"post_tag","embeddable":true,"href":"https:\/\/migracao.redenoticia.com.br\/noticia\/wp-json\/wp\/v2\/tags?post=7906"}],"curies":[{"name":"wp","href":"https:\/\/api.w.org\/{rel}","templated":true}]}}