{"id":7910,"date":"2009-08-07T12:02:02","date_gmt":"2009-08-07T16:02:02","guid":{"rendered":"http:\/\/www.redenoticia.com.br\/noticia\/?p=7910"},"modified":"2009-08-09T19:23:02","modified_gmt":"2009-08-09T23:23:02","slug":"calor-diminui-em-sp-e-rj-e-aumenta-no-amapa","status":"publish","type":"post","link":"https:\/\/migracao.redenoticia.com.br\/noticia\/2009\/calor-diminui-em-sp-e-rj-e-aumenta-no-amapa\/7910","title":{"rendered":"Calor diminui em SP e RJ e aumenta no Amap\u00e1"},"content":{"rendered":"<p>M\u00e1xima prevista para hoje \u00e9 de 25\u00b0C na capital paulista e 28\u00b0C na capital fluminense. Ap\u00f3s registrarem o dia mais quente do inverno ontem, o calor diminui nas cidades de S\u00e3o Paulo e do Rio de Janeiro nesta sexta-feira por conta da passagem de uma frente fria pelo Sudeste. Ontem os term\u00f4metros atingiram 29\u00b0C na capital paulista e 33,5\u00b0C na capital fluminense. Antes disso, o recorde em S\u00e3o Paulo era da \u00faltima quarta-feira (5), quando a m\u00e1xima chegou a 27,5\u00b0C. No Rio de Janeiro, o recorde anterior era do dia 10 de julho, com 31,5\u00b0C.<br \/>\nA capital do Mato Grosso tamb\u00e9m registrou o dia mais quente do inverno na tarde desta quinta-feira, quando a m\u00e1xima atingiu 37\u00b0C. O recorde anterior tamb\u00e9m era da \u00faltima quarta-feira (5), com 36,7\u00b0C. A diferen\u00e7a entre Cuiab\u00e1 e as Capitais do Sudeste \u00e9 que por l\u00e1 o calor continua intenso nesta sexta-feira e a m\u00e1xima prevista \u00e9 de 36\u00b0C.<\/p>\n<p>Term\u00f4metros registraram 27\u00b0C \u00e0s 7h da manh\u00e3. A sexta-feira j\u00e1 come\u00e7ou quente em Macap\u00e1 e por volta das 7h os term\u00f4metros j\u00e1 registravam 27\u00b0C. De acordo com os meteorologistas da Somar, o dia segue com predom\u00ednio de sol e hoje a m\u00e1xima 34\u00b0C na cidade. Amanh\u00e3, as \u00e1reas de instabilidades provocam pancadas de chuva e trovoadas na capital do Amap\u00e1, mesmo assim, as temperaturas seguem elevadas e os term\u00f4metros atingem 33\u00b0C no per\u00edodo da tarde.<\/p>\n<p>O calor toma conta n\u00e3o s\u00f3 de Macap\u00e1, mas tamb\u00e9m de boa parte da Regi\u00e3o Norte, onde as m\u00e1ximas ficam entre 35\u00b0C e 40\u00b0C em boa parte dos Estados. As pancadas de chuva previstas para hoje atingem apenas o oeste do Acre, oeste do Amazonas, centro e norte de Roraima e norte do Par\u00e1.<\/p>\n<p>Amanh\u00e3, as \u00e1reas de instabilidade provocam pancadas de chuva e algumas trovoadas no oeste e norte do Amazonas, boa parte de Roraima, norte do Par\u00e1 e tamb\u00e9m no centro e leste do Amap\u00e1. As temperaturas seguem elevadas, com m\u00e1ximas entre 35\u00b0C e 40\u00b0C.<\/p>\n","protected":false},"excerpt":{"rendered":"<p>M\u00e1xima prevista para hoje \u00e9 de 25\u00b0C na capital paulista e 28\u00b0C na capital fluminense. Ap\u00f3s registrarem o dia mais quente do inverno ontem, o calor diminui nas cidades de S\u00e3o Paulo e do Rio de Janeiro nesta sexta-feira por conta da passagem de uma frente fria pelo Sudeste. Ontem os term\u00f4metros atingiram 29\u00b0C na [&hellip;]<\/p>\n","protected":false},"author":3,"featured_media":0,"comment_status":"open","ping_status":"open","sticky":false,"template":"","format":"standard","meta":{"tdm_status":"","tdm_grid_status":"","footnotes":""},"categories":[22,327],"tags":[],"class_list":{"0":"post-7910","1":"post","2":"type-post","3":"status-publish","4":"format-standard","6":"category-brasil","7":"category-clima"},"_links":{"self":[{"href":"https:\/\/migracao.redenoticia.com.br\/noticia\/wp-json\/wp\/v2\/posts\/7910","targetHints":{"allow":["GET"]}}],"collection":[{"href":"https:\/\/migracao.redenoticia.com.br\/noticia\/wp-json\/wp\/v2\/posts"}],"about":[{"href":"https:\/\/migracao.redenoticia.com.br\/noticia\/wp-json\/wp\/v2\/types\/post"}],"author":[{"embeddable":true,"href":"https:\/\/migracao.redenoticia.com.br\/noticia\/wp-json\/wp\/v2\/users\/3"}],"replies":[{"embeddable":true,"href":"https:\/\/migracao.redenoticia.com.br\/noticia\/wp-json\/wp\/v2\/comments?post=7910"}],"version-history":[{"count":0,"href":"https:\/\/migracao.redenoticia.com.br\/noticia\/wp-json\/wp\/v2\/posts\/7910\/revisions"}],"wp:attachment":[{"href":"https:\/\/migracao.redenoticia.com.br\/noticia\/wp-json\/wp\/v2\/media?parent=7910"}],"wp:term":[{"taxonomy":"category","embeddable":true,"href":"https:\/\/migracao.redenoticia.com.br\/noticia\/wp-json\/wp\/v2\/categories?post=7910"},{"taxonomy":"post_tag","embeddable":true,"href":"https:\/\/migracao.redenoticia.com.br\/noticia\/wp-json\/wp\/v2\/tags?post=7910"}],"curies":[{"name":"wp","href":"https:\/\/api.w.org\/{rel}","templated":true}]}}