{"id":79100,"date":"2015-12-28T00:29:49","date_gmt":"2015-12-28T02:29:49","guid":{"rendered":"http:\/\/www.redenoticia.com.br\/noticia\/?p=79100"},"modified":"2015-12-27T18:30:08","modified_gmt":"2015-12-27T20:30:08","slug":"fabricas-de-cultura-sp-abrem-matriculas-para-cursos-de-2016","status":"publish","type":"post","link":"https:\/\/migracao.redenoticia.com.br\/noticia\/2015\/fabricas-de-cultura-sp-abrem-matriculas-para-cursos-de-2016\/79100","title":{"rendered":"F\u00e1bricas de Cultura SP abrem matr\u00edculas para cursos de 2016"},"content":{"rendered":"<p>Est\u00e3o abertas as matr\u00edculas para os cursos de 2016 nas <strong><em>F\u00e1bricas de Cultura<\/em><\/strong>. As atividades est\u00e3o previstas para come\u00e7ar em fevereiro. Os candidatos podem escolher entre as \u00e1reas de dan\u00e7a, teatro e multimeios, entre outras op\u00e7\u00f5es.<\/p>\n<p>Nas unidades das zonas norte e sul (Brasil\u00e2ndia, Ja\u00e7an\u00e3, Vila Nova Cachoeirinha, Cap\u00e3o Redondo e Jardim S\u00e3o Lu\u00eds), s\u00e3o tr\u00eas mil vagas em cursos de m\u00fasica, dan\u00e7a, teatro, circo, leitura e escrita criativa, artes visuais e multimeios. H\u00e1 atividades destinadas a crian\u00e7as, jovens e adultos.<\/p>\n<p>Nas unidades da zona leste (Parque Bel\u00e9m, Sapopemba, Cidade Tiradentes, Itaim Paulista e Vila Curu\u00e7\u00e1), os cursos diurnos s\u00e3o voltados para crian\u00e7as e jovens de 8 a 19 anos e os noturnos para adultos. Est\u00e3o dispon\u00edveis vagas em artes visuais, dan\u00e7a, multimeios, m\u00fasica, teatro, circo e xadrez.<\/p>\n<p>Para se matricular, basta comparecer \u00e0 unidade desejada levando documento de identifica\u00e7\u00e3o com foto e comprovante de resid\u00eancia. Mais detalhes no site\u00a0 para as unidades das zonas norte e sul, gerenciadas pela Organiza\u00e7\u00e3o Social Poiesis, e  para as unidades da zona leste, gerenciadas pelo Catavento Cultural e Educacional.<\/p>\n<p>SERVI\u00c7O<br \/>\nF\u00e1brica de Cultura Brasil\u00e2ndia<br \/>\n(11) 3859-2300<br \/>\nF\u00e1brica de Cultura Cap\u00e3o Redondo<br \/>\n(11) 5822-5240<br \/>\nF\u00e1brica de Cultura Ja\u00e7an\u00e3<br \/>\n(11) 2249-8010<br \/>\nF\u00e1brica de Cultura Jardim S\u00e3o Lu\u00eds<br \/>\n(11) 5510-5530<br \/>\nF\u00e1brica de Cultura Vila Nova Cachoeirinha<br \/>\n(11) 2233-9270.<br \/>\nF\u00e1brica de Cultura Parque Bel\u00e9m<br \/>\n(11) 2618-3447<br \/>\nF\u00e1brica de Cultura Cidade Tiradentes<br \/>\n(11) 2556-3624<br \/>\nF\u00e1brica de Cultura de Sapopemba<br \/>\n(11) 2012-5803<br \/>\nF\u00e1brica de Cultura de Itaim Paulista<br \/>\n(11) 2025-1991<br \/>\nF\u00e1brica de Cultura de Vila Curu\u00e7\u00e1<br \/>\n(11) 2016-3316<\/p>\n<p>Do Portal do Governo do Estado SP<\/p>\n","protected":false},"excerpt":{"rendered":"<p>Est\u00e3o abertas as matr\u00edculas para os cursos de 2016 nas F\u00e1bricas de Cultura. As atividades est\u00e3o previstas para come\u00e7ar em fevereiro. Os candidatos podem escolher entre as \u00e1reas de dan\u00e7a, teatro e multimeios, entre outras op\u00e7\u00f5es. Nas unidades das zonas norte e sul (Brasil\u00e2ndia, Ja\u00e7an\u00e3, Vila Nova Cachoeirinha, Cap\u00e3o Redondo e Jardim S\u00e3o Lu\u00eds), s\u00e3o [&hellip;]<\/p>\n","protected":false},"author":2,"featured_media":28951,"comment_status":"open","ping_status":"closed","sticky":false,"template":"","format":"standard","meta":{"tdm_status":"","tdm_grid_status":"","footnotes":""},"categories":[22],"tags":[],"class_list":{"0":"post-79100","1":"post","2":"type-post","3":"status-publish","4":"format-standard","5":"has-post-thumbnail","7":"category-brasil"},"_links":{"self":[{"href":"https:\/\/migracao.redenoticia.com.br\/noticia\/wp-json\/wp\/v2\/posts\/79100","targetHints":{"allow":["GET"]}}],"collection":[{"href":"https:\/\/migracao.redenoticia.com.br\/noticia\/wp-json\/wp\/v2\/posts"}],"about":[{"href":"https:\/\/migracao.redenoticia.com.br\/noticia\/wp-json\/wp\/v2\/types\/post"}],"author":[{"embeddable":true,"href":"https:\/\/migracao.redenoticia.com.br\/noticia\/wp-json\/wp\/v2\/users\/2"}],"replies":[{"embeddable":true,"href":"https:\/\/migracao.redenoticia.com.br\/noticia\/wp-json\/wp\/v2\/comments?post=79100"}],"version-history":[{"count":0,"href":"https:\/\/migracao.redenoticia.com.br\/noticia\/wp-json\/wp\/v2\/posts\/79100\/revisions"}],"wp:featuredmedia":[{"embeddable":true,"href":"https:\/\/migracao.redenoticia.com.br\/noticia\/wp-json\/wp\/v2\/media\/28951"}],"wp:attachment":[{"href":"https:\/\/migracao.redenoticia.com.br\/noticia\/wp-json\/wp\/v2\/media?parent=79100"}],"wp:term":[{"taxonomy":"category","embeddable":true,"href":"https:\/\/migracao.redenoticia.com.br\/noticia\/wp-json\/wp\/v2\/categories?post=79100"},{"taxonomy":"post_tag","embeddable":true,"href":"https:\/\/migracao.redenoticia.com.br\/noticia\/wp-json\/wp\/v2\/tags?post=79100"}],"curies":[{"name":"wp","href":"https:\/\/api.w.org\/{rel}","templated":true}]}}