{"id":79104,"date":"2016-01-05T17:54:13","date_gmt":"2016-01-05T19:54:13","guid":{"rendered":"http:\/\/www.redenoticia.com.br\/noticia\/?p=79104"},"modified":"2016-01-05T17:54:47","modified_gmt":"2016-01-05T19:54:47","slug":"concurso-inss-950-oportunidades","status":"publish","type":"post","link":"https:\/\/migracao.redenoticia.com.br\/noticia\/2016\/concurso-inss-950-oportunidades\/79104","title":{"rendered":"Concurso INSS: 950 oportunidades"},"content":{"rendered":"<p><strong><em>Concurso INSS<\/em><\/strong>: o Instituto Nacional do Seguro Social (INSS) lan\u00e7ou edital com as normas do concurso que visa selecionar 950 candidatos nos cargos de Analista do Seguro Social e T\u00e9cnico do Seguro Social. As etapas da sele\u00e7\u00e3o ir\u00e3o ocorrer em todos os 26 estados da Federa\u00e7\u00e3o e no Distrito Federal (DF).<\/p>\n<p>Para n\u00edvel superior, os candidatos devem possuir diploma de conclus\u00e3o de curso superior em Servi\u00e7o Social e registro no \u00f3rg\u00e3o de classe espec\u00edfico. S\u00e3o 150 vagas para o cargo de Analista, com remunera\u00e7\u00e3o de at\u00e9 R$ 7.496,09, incluindo gratifica\u00e7\u00f5es. A jornada de trabalho \u00e9 de 40 horas semanais.<\/p>\n<p>J\u00e1 para n\u00edvel m\u00e9dio, s\u00e3o 800 oportunidades para ingresso no \u00d3rg\u00e3o. Os candidatos devem ter certificado de conclus\u00e3o do ensino m\u00e9dio ou curso t\u00e9cnico equivalente. A remunera\u00e7\u00e3o corresponde \u00e0 R$ 4.886,87 e a jornada de trabalho tamb\u00e9m \u00e9 de 40 horas semanais.<\/p>\n<p>As inscri\u00e7\u00f5es para o concurso devem ser feitas no endere\u00e7o eletr\u00f4nico, entre 4 de janeiro e 22 de fevereiro de 2016. As taxas s\u00e3o R$ 80,00 para n\u00edvel superior e R$ 65,00 para n\u00edvel m\u00e9dio.<\/p>\n<p>Os candidatos ser\u00e3o avaliados por meio de provas objetivas previstas para ocorrerem em 15 de maio de 2016, nas localidades citadas no edital de abertura da sele\u00e7\u00e3o.<\/p>\n<p>SERVI\u00c7O<br \/>\nConcurso: Instituto Nacional do Seguro Social (INSS)<br \/>\nVagas: 950 vagas (Analista: 150 e T\u00e9cnico: 800)<br \/>\nInscri\u00e7\u00f5es: de 4 de janeiro a 22 de fevereiro de 2016<br \/>\nRemunera\u00e7\u00f5es: R$ 4.886,87 (T\u00e9cnico) e R$ 7.496,09 (Analista)<br \/>\nTaxas de inscri\u00e7\u00e3o: R$ 80,00 (Analista) e R$ 65,00 (T\u00e9cnico)<br \/>\nProvas objetivas: 15 de maio de 2016<\/p>\n<p>CONTATO<br \/>\nOutras informa\u00e7\u00f5es no site  ou na Central de Atendimento do Cespe, de segunda a sexta, das 7h30 \u00e0s 20h30 \u2013 Campus Universit\u00e1rio Darcy Ribeiro, Sede do Cespe \u2013 pelo telefone (61) 3448 0100.<\/p>\n","protected":false},"excerpt":{"rendered":"<p>Concurso INSS: o Instituto Nacional do Seguro Social (INSS) lan\u00e7ou edital com as normas do concurso que visa selecionar 950 candidatos nos cargos de Analista do Seguro Social e T\u00e9cnico do Seguro Social. As etapas da sele\u00e7\u00e3o ir\u00e3o ocorrer em todos os 26 estados da Federa\u00e7\u00e3o e no Distrito Federal (DF). Para n\u00edvel superior, os [&hellip;]<\/p>\n","protected":false},"author":2,"featured_media":28954,"comment_status":"open","ping_status":"closed","sticky":false,"template":"","format":"standard","meta":{"tdm_status":"","tdm_grid_status":"","footnotes":""},"categories":[22,352,370],"tags":[],"class_list":{"0":"post-79104","1":"post","2":"type-post","3":"status-publish","4":"format-standard","5":"has-post-thumbnail","7":"category-brasil","8":"category-concursos","9":"category-inscricao"},"_links":{"self":[{"href":"https:\/\/migracao.redenoticia.com.br\/noticia\/wp-json\/wp\/v2\/posts\/79104","targetHints":{"allow":["GET"]}}],"collection":[{"href":"https:\/\/migracao.redenoticia.com.br\/noticia\/wp-json\/wp\/v2\/posts"}],"about":[{"href":"https:\/\/migracao.redenoticia.com.br\/noticia\/wp-json\/wp\/v2\/types\/post"}],"author":[{"embeddable":true,"href":"https:\/\/migracao.redenoticia.com.br\/noticia\/wp-json\/wp\/v2\/users\/2"}],"replies":[{"embeddable":true,"href":"https:\/\/migracao.redenoticia.com.br\/noticia\/wp-json\/wp\/v2\/comments?post=79104"}],"version-history":[{"count":0,"href":"https:\/\/migracao.redenoticia.com.br\/noticia\/wp-json\/wp\/v2\/posts\/79104\/revisions"}],"wp:featuredmedia":[{"embeddable":true,"href":"https:\/\/migracao.redenoticia.com.br\/noticia\/wp-json\/wp\/v2\/media\/28954"}],"wp:attachment":[{"href":"https:\/\/migracao.redenoticia.com.br\/noticia\/wp-json\/wp\/v2\/media?parent=79104"}],"wp:term":[{"taxonomy":"category","embeddable":true,"href":"https:\/\/migracao.redenoticia.com.br\/noticia\/wp-json\/wp\/v2\/categories?post=79104"},{"taxonomy":"post_tag","embeddable":true,"href":"https:\/\/migracao.redenoticia.com.br\/noticia\/wp-json\/wp\/v2\/tags?post=79104"}],"curies":[{"name":"wp","href":"https:\/\/api.w.org\/{rel}","templated":true}]}}