{"id":79154,"date":"2015-12-29T00:14:34","date_gmt":"2015-12-29T02:14:34","guid":{"rendered":"http:\/\/www.redenoticia.com.br\/noticia\/?p=79154"},"modified":"2015-12-29T00:14:03","modified_gmt":"2015-12-29T02:14:03","slug":"bolsa-de-pos-doutorado-em-epidemiologia-na-usp","status":"publish","type":"post","link":"https:\/\/migracao.redenoticia.com.br\/noticia\/2015\/bolsa-de-pos-doutorado-em-epidemiologia-na-usp\/79154","title":{"rendered":"Bolsa de P\u00f3s-doutorado em Epidemiologia na USP"},"content":{"rendered":"<p>Ag\u00eancia FAPESP \u2013 A Faculdade de Sa\u00fade P\u00fablica da Universidade de S\u00e3o Paulo (USP) oferece uma oportunidade de <strong><em>p\u00f3s-doutorado em Epidemiologia<\/em><\/strong> com bolsa da FAPESP. O prazo de inscri\u00e7\u00e3o encerra em 5 de janeiro de 2016.<\/p>\n<p>A bolsa est\u00e1 vinculada ao projeto .<\/p>\n<p>O bolsista estudar\u00e1 a biologia de mosquitos anofel\u00edneos da fam\u00edlia Culicidae. A esp\u00e9cie a ser abordada \u00e9 a Anopheles darlingi, considerada o vetor prim\u00e1rio de parasitos do g\u00eanero Plasmodium que podem causar mal\u00e1ria em seres humanos.<\/p>\n<p>An\u00e1lise das vari\u00e1veis meteorol\u00f3gicas \u00e9 necess\u00e1ria nesse contexto devido \u00e0 din\u00e2mica de mudan\u00e7a de cen\u00e1rios ambientais. O projeto analisar\u00e1 amostras de mosquitos coletadas em assentamento rural.<\/p>\n<p>Os interessados devem ter doutorado em Ci\u00eancia-Meteorologia e enviar os seguintes documentos, como arquivos PDF, para os pesquisadores respons\u00e1veis pelo projeto, Maria Anice Mureb Sallum (masallum@usp.br) e Eduardo Massad (edmassad@usp.br), com o assunto &#8220;Bolsa de P\u00f3s-Doutorado&#8221;: curriculum vitae ou Lattes, c\u00f3pia do t\u00edtulo de doutor, carta explicando o interesse pela posi\u00e7\u00e3o e as qualifica\u00e7\u00f5es para participar do projeto e c\u00f3pia de um trabalho significativo na \u00e1rea da pesquisa. Se o trabalho for a pr\u00f3pria tese e\u00a0estiver dispon\u00edvel on-line, basta informar o link.<\/p>\n<p>O processo seletivo ser\u00e1 realizado em duas fases: an\u00e1lise de documentos e argui\u00e7\u00e3o dos candidatos sobre o curr\u00edculo e experi\u00eancia.<\/p>\n<p>A oportunidade est\u00e1 publicada em .<\/p>\n<p>O selecionado receber\u00e1 bolsa de P\u00f3s-Doutorado da FAPESP no valor de R$ 6.143,40 mensais e Reserva T\u00e9cnica. A Reserva T\u00e9cnica da bolsa de PD equivale a 15% do valor anual da bolsa e tem o objetivo de atender a despesas imprevistas e diretamente relacionadas \u00e0 atividade de pesquisa.<\/p>\n<p>Caso o bolsista resida em domic\u00edlio diferente e precise se mudar para a cidade onde se localiza a institui\u00e7\u00e3o sede da pesquisa, poder\u00e1 ter direito a um Aux\u00edlio-Instala\u00e7\u00e3o.<\/p>\n<p>Mais informa\u00e7\u00f5es sobre a bolsa de P\u00f3s-Doutorado da FAPESP est\u00e3o dispon\u00edveis em .<\/p>\n<p>Outras vagas de bolsas de P\u00f3s-Doutorado, em diversas \u00e1reas do conhecimento, est\u00e3o no site .<\/p>\n","protected":false},"excerpt":{"rendered":"<p>Ag\u00eancia FAPESP \u2013 A Faculdade de Sa\u00fade P\u00fablica da Universidade de S\u00e3o Paulo (USP) oferece uma oportunidade de p\u00f3s-doutorado em Epidemiologia com bolsa da FAPESP. O prazo de inscri\u00e7\u00e3o encerra em 5 de janeiro de 2016. A bolsa est\u00e1 vinculada ao projeto . O bolsista estudar\u00e1 a biologia de mosquitos anofel\u00edneos da fam\u00edlia Culicidae. A [&hellip;]<\/p>\n","protected":false},"author":2,"featured_media":40847,"comment_status":"open","ping_status":"closed","sticky":false,"template":"","format":"standard","meta":{"tdm_status":"","tdm_grid_status":"","footnotes":""},"categories":[22,370,353],"tags":[],"class_list":{"0":"post-79154","1":"post","2":"type-post","3":"status-publish","4":"format-standard","5":"has-post-thumbnail","7":"category-brasil","8":"category-inscricao","9":"category-oportunidades"},"_links":{"self":[{"href":"https:\/\/migracao.redenoticia.com.br\/noticia\/wp-json\/wp\/v2\/posts\/79154","targetHints":{"allow":["GET"]}}],"collection":[{"href":"https:\/\/migracao.redenoticia.com.br\/noticia\/wp-json\/wp\/v2\/posts"}],"about":[{"href":"https:\/\/migracao.redenoticia.com.br\/noticia\/wp-json\/wp\/v2\/types\/post"}],"author":[{"embeddable":true,"href":"https:\/\/migracao.redenoticia.com.br\/noticia\/wp-json\/wp\/v2\/users\/2"}],"replies":[{"embeddable":true,"href":"https:\/\/migracao.redenoticia.com.br\/noticia\/wp-json\/wp\/v2\/comments?post=79154"}],"version-history":[{"count":0,"href":"https:\/\/migracao.redenoticia.com.br\/noticia\/wp-json\/wp\/v2\/posts\/79154\/revisions"}],"wp:featuredmedia":[{"embeddable":true,"href":"https:\/\/migracao.redenoticia.com.br\/noticia\/wp-json\/wp\/v2\/media\/40847"}],"wp:attachment":[{"href":"https:\/\/migracao.redenoticia.com.br\/noticia\/wp-json\/wp\/v2\/media?parent=79154"}],"wp:term":[{"taxonomy":"category","embeddable":true,"href":"https:\/\/migracao.redenoticia.com.br\/noticia\/wp-json\/wp\/v2\/categories?post=79154"},{"taxonomy":"post_tag","embeddable":true,"href":"https:\/\/migracao.redenoticia.com.br\/noticia\/wp-json\/wp\/v2\/tags?post=79154"}],"curies":[{"name":"wp","href":"https:\/\/api.w.org\/{rel}","templated":true}]}}