{"id":79158,"date":"2015-12-29T00:16:25","date_gmt":"2015-12-29T02:16:25","guid":{"rendered":"http:\/\/www.redenoticia.com.br\/noticia\/?p=79158"},"modified":"2015-12-29T00:16:30","modified_gmt":"2015-12-29T02:16:30","slug":"saiba-como-solicitar-o-bloqueio-de-ligacoes-de-telemarketing","status":"publish","type":"post","link":"https:\/\/migracao.redenoticia.com.br\/noticia\/2015\/saiba-como-solicitar-o-bloqueio-de-ligacoes-de-telemarketing\/79158","title":{"rendered":"Saiba como solicitar o Bloqueio de Liga\u00e7\u00f5es de Telemarketing"},"content":{"rendered":"<p>Consumidores que n\u00e3o desejam receber liga\u00e7\u00f5es com ofertas de produtos e servi\u00e7os podem recorrer ao Cadastro para <strong><em><\/em><\/strong>. A ferramenta \u00e9 gratuita tanto para telefones fixos ou celulares e pode ser solicitada no site do Procon-SP.<\/p>\n<p>Criado pelo Decreto Estadual n\u00ba 53.921\/2008, o cadastro \u00e9 mantido e fiscalizado pela Funda\u00e7\u00e3o Procon-SP. O consumidor pode cadastrar at\u00e9 cinco n\u00fameros de telefone fixo ou celular para bloquear liga\u00e7\u00f5es de empresas de telemarketing que fa\u00e7am oferta ou publicidade de produtos e servi\u00e7os.<\/p>\n<p>A partir do envio dos dados, o bloqueio das liga\u00e7\u00f5es come\u00e7a a valer em at\u00e9 30 dias corridos. Caso o consumidor continue recebendo liga\u00e7\u00f5es ap\u00f3s 30 dias da inscri\u00e7\u00e3o, a empresa poder\u00e1 ser denunciada no site do Procon-SP. A empresa que descumprir a Lei estar\u00e1 sujeita \u00e0s puni\u00e7\u00f5es previstas no C\u00f3digo de Defesa do Consumidor.<\/p>\n<p>Do Portal do Governo do Estado SP<br \/>\n&#8212;<br \/>\nCriada pela Lei n\u00ba 9.192, de 23 de Novembro de 1995, e Decreto n\u00ba 41.170, de 23 de setembro de 1996, a Funda\u00e7\u00e3o Procon-SP \u00e9 uma institui\u00e7\u00e3o vinculada \u00e0 Secretaria da Justi\u00e7a e da Defesa da Cidadania do Estado de S\u00e3o Paulo e tem personalidade jur\u00eddica de direito p\u00fablico, com autonomia t\u00e9cnica, administrativa e financeira.<\/p>\n<p>O Procon-SP tem como miss\u00e3o principal equilibrar e harmonizar as rela\u00e7\u00f5es entre consumidores e fornecedores. Tendo por objetivo elaborar e executar a pol\u00edtica de prote\u00e7\u00e3o e defesa dos consumidores do Estado de S\u00e3o Paulo.<\/p>\n","protected":false},"excerpt":{"rendered":"<p>Consumidores que n\u00e3o desejam receber liga\u00e7\u00f5es com ofertas de produtos e servi\u00e7os podem recorrer ao Cadastro para . A ferramenta \u00e9 gratuita tanto para telefones fixos ou celulares e pode ser solicitada no site do Procon-SP. Criado pelo Decreto Estadual n\u00ba 53.921\/2008, o cadastro \u00e9 mantido e fiscalizado pela Funda\u00e7\u00e3o Procon-SP. O consumidor pode cadastrar [&hellip;]<\/p>\n","protected":false},"author":2,"featured_media":57578,"comment_status":"open","ping_status":"closed","sticky":false,"template":"","format":"standard","meta":{"tdm_status":"","tdm_grid_status":"","footnotes":""},"categories":[22],"tags":[],"class_list":{"0":"post-79158","1":"post","2":"type-post","3":"status-publish","4":"format-standard","5":"has-post-thumbnail","7":"category-brasil"},"_links":{"self":[{"href":"https:\/\/migracao.redenoticia.com.br\/noticia\/wp-json\/wp\/v2\/posts\/79158","targetHints":{"allow":["GET"]}}],"collection":[{"href":"https:\/\/migracao.redenoticia.com.br\/noticia\/wp-json\/wp\/v2\/posts"}],"about":[{"href":"https:\/\/migracao.redenoticia.com.br\/noticia\/wp-json\/wp\/v2\/types\/post"}],"author":[{"embeddable":true,"href":"https:\/\/migracao.redenoticia.com.br\/noticia\/wp-json\/wp\/v2\/users\/2"}],"replies":[{"embeddable":true,"href":"https:\/\/migracao.redenoticia.com.br\/noticia\/wp-json\/wp\/v2\/comments?post=79158"}],"version-history":[{"count":0,"href":"https:\/\/migracao.redenoticia.com.br\/noticia\/wp-json\/wp\/v2\/posts\/79158\/revisions"}],"wp:featuredmedia":[{"embeddable":true,"href":"https:\/\/migracao.redenoticia.com.br\/noticia\/wp-json\/wp\/v2\/media\/57578"}],"wp:attachment":[{"href":"https:\/\/migracao.redenoticia.com.br\/noticia\/wp-json\/wp\/v2\/media?parent=79158"}],"wp:term":[{"taxonomy":"category","embeddable":true,"href":"https:\/\/migracao.redenoticia.com.br\/noticia\/wp-json\/wp\/v2\/categories?post=79158"},{"taxonomy":"post_tag","embeddable":true,"href":"https:\/\/migracao.redenoticia.com.br\/noticia\/wp-json\/wp\/v2\/tags?post=79158"}],"curies":[{"name":"wp","href":"https:\/\/api.w.org\/{rel}","templated":true}]}}