{"id":7926,"date":"2009-08-07T14:56:14","date_gmt":"2009-08-07T18:56:14","guid":{"rendered":"http:\/\/www.redenoticia.com.br\/noticia\/?p=7926"},"modified":"2009-08-07T14:56:14","modified_gmt":"2009-08-07T18:56:14","slug":"ccr-novadutra-apoia-campanha-de-esclarecimento-sobre-a-gripe-influenza-ah1n1","status":"publish","type":"post","link":"https:\/\/migracao.redenoticia.com.br\/noticia\/2009\/ccr-novadutra-apoia-campanha-de-esclarecimento-sobre-a-gripe-influenza-ah1n1\/7926","title":{"rendered":"CCR NovaDutra apoia campanha de esclarecimento sobre a gripe Influenza A(H1N1)"},"content":{"rendered":"<p>A CCR NovaDutra iniciou hoje (07), em parceria com o Minist\u00e9rio da Sa\u00fade e a ANTT (Ag\u00eancia Nacional de Transportes Terrestres) a distribui\u00e7\u00e3o de folhetos informativos sobre a doen\u00e7a Influenza A(H1N1). A a\u00e7\u00e3o envolve 40 mil folhetos a serem distribu\u00eddos nas pra\u00e7as de ped\u00e1gio da Rodovia Presidente Dutra.<\/p>\n<p>O folheto traz informa\u00e7\u00f5es sobre medidas de preven\u00e7\u00e3o da doen\u00e7a, como lavar as m\u00e3os frequentemente, e esclarece d\u00favidas sobre o v\u00edrus, tais como a forma pela qual a doen\u00e7a \u00e9 transmitida e quais os casos em que o paciente deve procurar o m\u00e9dico.<\/p>\n<p><strong>Recomenda\u00e7\u00f5es do Minist\u00e9rio da Sa\u00fade sobre a Influenza A (H1N1)<\/strong><\/p>\n<p>Influenza\u00a0A (H1N1) \u00e9 uma doen\u00e7a respirat\u00f3ria causada pelo v\u00edrus A. Devido a muta\u00e7\u00f5es no v\u00edrus e transmiss\u00e3o de pessoa a pessoa, principalmente por meio de tosse, espirro ou de secre\u00e7\u00f5es respirat\u00f3rias de pessoas infectadas, o Minist\u00e9rio da Sa\u00fade traz um s\u00e9rie de recomenda\u00e7\u00f5es.<\/p>\n<p><strong>A ) Aos viajantes que se destinam \u00e0s \u00e1reas afetadas:<\/strong><br \/>\n\u2022 Usar m\u00e1scaras cir\u00fargicas descart\u00e1veis durante toda a perman\u00eancia em \u00e1reas afetadas.<br \/>\nSubstituir as m\u00e1scaras sempre que necess\u00e1rio.<br \/>\n\u2022 Ao tossir ou espirrar, cobrir o nariz e a boca com um len\u00e7o, preferencialmente descart\u00e1vel.<br \/>\n\u2022 Evitar locais com aglomera\u00e7\u00e3o de pessoas.<br \/>\n\u2022 Evitar o contato direto com pessoas doentes.<br \/>\n\u2022 N\u00e3o compartilhar alimentos, copos, toalhas e objetos de uso pessoal.<br \/>\n\u2022 Evitar tocar olhos, nariz ou boca.<br \/>\n\u2022 Lavar as m\u00e3os frequentemente com \u00e1gua e sab\u00e3o, especialmente depois de tossir ou espirrar.<br \/>\n\u2022 Em caso de adoecimento, procurar assist\u00eancia m\u00e9dica e informar hist\u00f3ria de contato com doentes<br \/>\ne roteiro de viagens recentes \u00e0s \u00e1reas afetadas.<br \/>\n\u2022 N\u00e3o usar medicamentos sem orienta\u00e7\u00e3o m\u00e9dica.<br \/>\n<strong>B ) Aos viajantes procedentes de \u00e1reas afetadas<\/strong>:<br \/>\nViajantes procedentes, nos \u00faltimos 10 dias, de \u00e1reas com casos confirmados de influenza A (H1N1)<br \/>\nem humanos e que apresentem febre alta repentina, superior a 38\u00baC, acompanhada de tosse<br \/>\ne\/ou dores de cabe\u00e7a, musculares e nas articula\u00e7\u00f5es, devem:<br \/>\n\u2022 Procurar assist\u00eancia m\u00e9dica na unidade de sa\u00fade mais pr\u00f3xima.<br \/>\n\u2022 Informar ao profissional de sa\u00fade o seu roteiro de viagem.<br \/>\nPara informa\u00e7\u00f5es adicionais sobre medidas preventivas estabelecidas pelas autoridades de sa\u00fade das \u00e1reas afetadas, acesse:<br \/>\nINFLUENZA A (H1N1)<\/p>\n<p>Maiores informa\u00e7\u00f5es no site:\u00a0<a title=\"http:\/\/www.saude.gov.br\/\" href=\"http:\/\/www.saude.gov.br\/\" target=\"_blank\">www.saude.gov.br<\/a>.<\/p>\n<p><strong><em>Sobre a CCR NovaDutra: <\/em><\/strong><em>A CCR NovaDutra \u00e9 respons\u00e1vel pela administra\u00e7\u00e3o da Rodovia Presidente Dutra, via com 402 quil\u00f4metros de extens\u00e3o e que liga as duas regi\u00f5es metropolitanas mais importantes do Pa\u00eds: Rio de Janeiro e S\u00e3o Paulo. A rodovia abrange uma regi\u00e3o altamente desenvolvida, que responde por cerca de 50% do PIB brasileiro. A concession\u00e1ria tem 13 anos de exist\u00eancia e foi a segunda a integrar o Grupo CCR.<\/em><\/p>\n","protected":false},"excerpt":{"rendered":"<p>A CCR NovaDutra iniciou hoje (07), em parceria com o Minist\u00e9rio da Sa\u00fade e a ANTT (Ag\u00eancia Nacional de Transportes Terrestres) a distribui\u00e7\u00e3o de folhetos informativos sobre a doen\u00e7a Influenza A(H1N1). A a\u00e7\u00e3o envolve 40 mil folhetos a serem distribu\u00eddos nas pra\u00e7as de ped\u00e1gio da Rodovia Presidente Dutra. O folheto traz informa\u00e7\u00f5es sobre medidas de [&hellip;]<\/p>\n","protected":false},"author":2,"featured_media":0,"comment_status":"open","ping_status":"open","sticky":false,"template":"","format":"standard","meta":{"tdm_status":"","tdm_grid_status":"","footnotes":""},"categories":[22,5],"tags":[],"class_list":{"0":"post-7926","1":"post","2":"type-post","3":"status-publish","4":"format-standard","6":"category-brasil","7":"category-saude-e-vida"},"_links":{"self":[{"href":"https:\/\/migracao.redenoticia.com.br\/noticia\/wp-json\/wp\/v2\/posts\/7926","targetHints":{"allow":["GET"]}}],"collection":[{"href":"https:\/\/migracao.redenoticia.com.br\/noticia\/wp-json\/wp\/v2\/posts"}],"about":[{"href":"https:\/\/migracao.redenoticia.com.br\/noticia\/wp-json\/wp\/v2\/types\/post"}],"author":[{"embeddable":true,"href":"https:\/\/migracao.redenoticia.com.br\/noticia\/wp-json\/wp\/v2\/users\/2"}],"replies":[{"embeddable":true,"href":"https:\/\/migracao.redenoticia.com.br\/noticia\/wp-json\/wp\/v2\/comments?post=7926"}],"version-history":[{"count":0,"href":"https:\/\/migracao.redenoticia.com.br\/noticia\/wp-json\/wp\/v2\/posts\/7926\/revisions"}],"wp:attachment":[{"href":"https:\/\/migracao.redenoticia.com.br\/noticia\/wp-json\/wp\/v2\/media?parent=7926"}],"wp:term":[{"taxonomy":"category","embeddable":true,"href":"https:\/\/migracao.redenoticia.com.br\/noticia\/wp-json\/wp\/v2\/categories?post=7926"},{"taxonomy":"post_tag","embeddable":true,"href":"https:\/\/migracao.redenoticia.com.br\/noticia\/wp-json\/wp\/v2\/tags?post=7926"}],"curies":[{"name":"wp","href":"https:\/\/api.w.org\/{rel}","templated":true}]}}