{"id":7929,"date":"2009-08-07T15:09:12","date_gmt":"2009-08-07T19:09:12","guid":{"rendered":"http:\/\/www.redenoticia.com.br\/noticia\/?p=7929"},"modified":"2009-08-07T15:26:50","modified_gmt":"2009-08-07T19:26:50","slug":"felipe-massa-da-ferrari-vai-assistir-a-formula-1-ao-lado-da-familia","status":"publish","type":"post","link":"https:\/\/migracao.redenoticia.com.br\/noticia\/2009\/felipe-massa-da-ferrari-vai-assistir-a-formula-1-ao-lado-da-familia\/7929","title":{"rendered":"Felipe Massa da Ferrari vai assistir a Formula 1 ao lado da fam\u00edlia"},"content":{"rendered":"<p>Felipe Massa da Ferrari ainda n\u00e3o teve autoriza\u00e7\u00e3o m\u00e9dica para voltar \u00e0s pistas de F\u00f3rmula 1. Dino Altmann, m\u00e9dico de Felipe Massa da Ferrari informou que ainda n\u00e3o pode determinar uma data para liberar o piloto que, por enquanto, vai ver a F\u00f3rmula 1 pela televis\u00e3o, ao lado de sua fam\u00edlia em S\u00e3o Paulo. A pr\u00f3xima corrida de Formula 1 ser\u00e1 dia 23 de Agosto, na Espanha (Valencia).<\/p>\n<p>Uma grande bateria de exames foram feitos por Felipe Massa da Ferrari &#8211;sangue, oftalmol\u00f3gico, tomografia e resson\u00e2ncia magn\u00e9tica&#8211; no Hospital Albert Einstein, em S\u00e3o Paulo. Os resultados foram avaliados pelo M\u00e9dico de Felipe Massa, Dino Altmann, um cl\u00ednico geral, um oftalmologista, um neurologista e um m\u00e9dico buco-facial-maxilar.<\/p>\n<p>O diagn\u00f3stico informou que, por enquanto, Felipe Massa da Ferrari est\u00e1 livre de nova interven\u00e7\u00e3o cir\u00fargica, e n\u00e3o h\u00e1 necessidade de fixa\u00e7\u00e3o das fraturas. Uma nova resson\u00e2ncia ser\u00e1 feita no pr\u00f3ximo m\u00eas para reavaliar o estado geral e tranq\u00fcilizar o piloto da F\u00f3rmula 1 e a fam\u00edlia de Felipe Massa.<\/p>\n<p>Felipe Massa foi atingido por uma mola do carro de Rubens Barrichello durante o treino oficial do GP de F\u00f3rmula 1 da Hungria.<\/p>\n","protected":false},"excerpt":{"rendered":"<p>Felipe Massa da Ferrari ainda n\u00e3o teve autoriza\u00e7\u00e3o m\u00e9dica para voltar \u00e0s pistas de F\u00f3rmula 1. Dino Altmann, m\u00e9dico de Felipe Massa da Ferrari informou que ainda n\u00e3o pode determinar uma data para liberar o piloto que, por enquanto, vai ver a F\u00f3rmula 1 pela televis\u00e3o, ao lado de sua fam\u00edlia em S\u00e3o Paulo. A [&hellip;]<\/p>\n","protected":false},"author":3,"featured_media":0,"comment_status":"open","ping_status":"open","sticky":false,"template":"","format":"standard","meta":{"tdm_status":"","tdm_grid_status":"","footnotes":""},"categories":[22,343],"tags":[],"class_list":{"0":"post-7929","1":"post","2":"type-post","3":"status-publish","4":"format-standard","6":"category-brasil","7":"category-televisao"},"_links":{"self":[{"href":"https:\/\/migracao.redenoticia.com.br\/noticia\/wp-json\/wp\/v2\/posts\/7929","targetHints":{"allow":["GET"]}}],"collection":[{"href":"https:\/\/migracao.redenoticia.com.br\/noticia\/wp-json\/wp\/v2\/posts"}],"about":[{"href":"https:\/\/migracao.redenoticia.com.br\/noticia\/wp-json\/wp\/v2\/types\/post"}],"author":[{"embeddable":true,"href":"https:\/\/migracao.redenoticia.com.br\/noticia\/wp-json\/wp\/v2\/users\/3"}],"replies":[{"embeddable":true,"href":"https:\/\/migracao.redenoticia.com.br\/noticia\/wp-json\/wp\/v2\/comments?post=7929"}],"version-history":[{"count":0,"href":"https:\/\/migracao.redenoticia.com.br\/noticia\/wp-json\/wp\/v2\/posts\/7929\/revisions"}],"wp:attachment":[{"href":"https:\/\/migracao.redenoticia.com.br\/noticia\/wp-json\/wp\/v2\/media?parent=7929"}],"wp:term":[{"taxonomy":"category","embeddable":true,"href":"https:\/\/migracao.redenoticia.com.br\/noticia\/wp-json\/wp\/v2\/categories?post=7929"},{"taxonomy":"post_tag","embeddable":true,"href":"https:\/\/migracao.redenoticia.com.br\/noticia\/wp-json\/wp\/v2\/tags?post=7929"}],"curies":[{"name":"wp","href":"https:\/\/api.w.org\/{rel}","templated":true}]}}