{"id":79404,"date":"2016-01-05T17:58:48","date_gmt":"2016-01-05T19:58:48","guid":{"rendered":"http:\/\/www.redenoticia.com.br\/noticia\/?p=79404"},"modified":"2016-01-05T17:58:48","modified_gmt":"2016-01-05T19:58:48","slug":"instituicoes-financeiras-projetam-queda-da-economia-em-295-este-ano","status":"publish","type":"post","link":"https:\/\/migracao.redenoticia.com.br\/noticia\/2016\/instituicoes-financeiras-projetam-queda-da-economia-em-295-este-ano\/79404","title":{"rendered":"Institui\u00e7\u00f5es financeiras projetam queda da economia em 2,95% este ano"},"content":{"rendered":"<p> A <strong><em>economia brasileira<\/em><\/strong> deve encolher 2,95%, este ano, de acordo com proje\u00e7\u00f5es de institui\u00e7\u00f5es financeiras consultadas pelo Banco Central (BC). Esse foi o 13\u00ba ajuste consecutivo na proje\u00e7\u00e3o de queda do Produto Interno Bruto (PIB). No boletim Focus a estimativa estava em 2,81%. A queda estimada para a produ\u00e7\u00e3o industrial \u00e9 3,5%, este ano.<\/p>\n<p>Para as institui\u00e7\u00f5es financeiras, o encolhimento da economia vem acompanhado de infla\u00e7\u00e3o acima do teto da meta (6,5%), em 6,87%. Na semana passada, a estimativa para o \u00cdndice Nacional de Pre\u00e7os ao Consumidor Amplo (IPCA) estava em 6,86%. O centro da meta de infla\u00e7\u00e3o \u00e9 4,5%.<\/p>\n<p>O principal instrumento usado pelo BC para controlar a infla\u00e7\u00e3o \u00e9 a taxa b\u00e1sica de juros, a Selic. O Comit\u00ea de Pol\u00edtica Monet\u00e1ria (Copom), respons\u00e1vel por definir a Selic, elevou a taxa por sete vezes consecutivas. Nas reuni\u00f5es do comit\u00ea em setembro, outubro e novembro de 2015, o Copom optou por manter a Selic em 14,25% ao ano. Na reuni\u00e3o do Copom deste m\u00eas, as institui\u00e7\u00f5es financeiras esperam que a Selic suba para 14,75% ao ano. Ao fim de 2016, a proje\u00e7\u00e3o para a Selic \u00e9 15,25%.<\/p>\n<p> A taxa \u00e9 usada nas negocia\u00e7\u00f5es de t\u00edtulos p\u00fablicos no Sistema Especial de Liquida\u00e7\u00e3o e Cust\u00f3dia (Selic) e serve como refer\u00eancia para as demais taxas de juros da economia. Ao reajust\u00e1-la para cima, o BC cont\u00e9m o excesso de demanda que pressiona os pre\u00e7os, porque os juros mais altos encarecem o cr\u00e9dito e estimulam a poupan\u00e7a.<\/p>\n<p>A pesquisa do Banco Central tamb\u00e9m traz a proje\u00e7\u00e3o para a infla\u00e7\u00e3o medida pelo \u00cdndice Geral de Pre\u00e7os \u2013 Disponibilidade Interna (IGP-DI) que permanece em 6,14%, este ano. Para o \u00cdndice Geral de Pre\u00e7os &#8211; Mercado (IGP-M), a estimativa foi ajustada de 6,48% para 6,51%. A estimativa para o \u00cdndice de Pre\u00e7os ao Consumidor da Funda\u00e7\u00e3o Instituto de Pesquisas Econ\u00f4micas (IPC-Fipe) segue em 5,81%. A proje\u00e7\u00e3o para a alta dos pre\u00e7os administrados permanece em 7,5%.<\/p>\n<p>A proje\u00e7\u00e3o para a cota\u00e7\u00e3o do d\u00f3lar subiu de R$ 4,20 para R$ 4,21, no fim deste ano. A estimativa para o d\u00e9ficit em transa\u00e7\u00f5es correntes, que s\u00e3o as compras e vendas de mercadorias e servi\u00e7os e as transfer\u00eancias de renda do pa\u00eds com o mundo, passou de US$ 38,6 bilh\u00f5es para US$ 38,5 bilh\u00f5es, este ano. A estimativa para o super\u00e1vit comercial (exporta\u00e7\u00f5es maiores que importa\u00e7\u00f5es de produtos) subiu de US$ 33 bilh\u00f5es para US$ 35 bilh\u00f5es.<\/p>\n<p>O investimento direto no pa\u00eds (recursos estrangeiros que v\u00e3o para o setor produtivo) deve chegar a US$ 55 bilh\u00f5es.<\/p>\n<p>A d\u00edvida l\u00edquida do setor p\u00fablico deve chegar a 40% do PIB, de acordo com a estimativa das institui\u00e7\u00f5es financeiras.<\/p>\n<p> Kelly Oliveira \u2013 Rep\u00f3rter da Ag\u00eancia Brasil<br \/>\nEdi\u00e7\u00e3o: Denise Griesinger<br \/>\n05\/01\/2016<\/p>\n","protected":false},"excerpt":{"rendered":"<p>A economia brasileira deve encolher 2,95%, este ano, de acordo com proje\u00e7\u00f5es de institui\u00e7\u00f5es financeiras consultadas pelo Banco Central (BC). Esse foi o 13\u00ba ajuste consecutivo na proje\u00e7\u00e3o de queda do Produto Interno Bruto (PIB). No boletim Focus a estimativa estava em 2,81%. A queda estimada para a produ\u00e7\u00e3o industrial \u00e9 3,5%, este ano. Para [&hellip;]<\/p>\n","protected":false},"author":2,"featured_media":38938,"comment_status":"open","ping_status":"closed","sticky":false,"template":"","format":"standard","meta":{"tdm_status":"","tdm_grid_status":"","footnotes":""},"categories":[22,7],"tags":[],"class_list":{"0":"post-79404","1":"post","2":"type-post","3":"status-publish","4":"format-standard","5":"has-post-thumbnail","7":"category-brasil","8":"category-economia"},"_links":{"self":[{"href":"https:\/\/migracao.redenoticia.com.br\/noticia\/wp-json\/wp\/v2\/posts\/79404","targetHints":{"allow":["GET"]}}],"collection":[{"href":"https:\/\/migracao.redenoticia.com.br\/noticia\/wp-json\/wp\/v2\/posts"}],"about":[{"href":"https:\/\/migracao.redenoticia.com.br\/noticia\/wp-json\/wp\/v2\/types\/post"}],"author":[{"embeddable":true,"href":"https:\/\/migracao.redenoticia.com.br\/noticia\/wp-json\/wp\/v2\/users\/2"}],"replies":[{"embeddable":true,"href":"https:\/\/migracao.redenoticia.com.br\/noticia\/wp-json\/wp\/v2\/comments?post=79404"}],"version-history":[{"count":0,"href":"https:\/\/migracao.redenoticia.com.br\/noticia\/wp-json\/wp\/v2\/posts\/79404\/revisions"}],"wp:featuredmedia":[{"embeddable":true,"href":"https:\/\/migracao.redenoticia.com.br\/noticia\/wp-json\/wp\/v2\/media\/38938"}],"wp:attachment":[{"href":"https:\/\/migracao.redenoticia.com.br\/noticia\/wp-json\/wp\/v2\/media?parent=79404"}],"wp:term":[{"taxonomy":"category","embeddable":true,"href":"https:\/\/migracao.redenoticia.com.br\/noticia\/wp-json\/wp\/v2\/categories?post=79404"},{"taxonomy":"post_tag","embeddable":true,"href":"https:\/\/migracao.redenoticia.com.br\/noticia\/wp-json\/wp\/v2\/tags?post=79404"}],"curies":[{"name":"wp","href":"https:\/\/api.w.org\/{rel}","templated":true}]}}