{"id":79425,"date":"2016-01-05T22:31:48","date_gmt":"2016-01-06T00:31:48","guid":{"rendered":"http:\/\/www.redenoticia.com.br\/noticia\/?p=79425"},"modified":"2016-01-05T22:31:48","modified_gmt":"2016-01-06T00:31:48","slug":"novela-alem-do-tempo-anita-diz-a-afonso-que-desistiu-de-ter-um-filho","status":"publish","type":"post","link":"https:\/\/migracao.redenoticia.com.br\/noticia\/2016\/novela-alem-do-tempo-anita-diz-a-afonso-que-desistiu-de-ter-um-filho\/79425","title":{"rendered":"Novela \u201cAl\u00e9m do Tempo\u201d: Anita diz a Afonso que desistiu de ter um filho"},"content":{"rendered":"<p><img loading=\"lazy\" decoding=\"async\" src=\"https:\/\/migracao.redenoticia.com.br\/noticia\/imagens\/Alem_do_tempo_novela_resumo_globo-187x187.jpg\" alt=\"Alem_do_tempo_novela_resumo_globo\" width=\"187\" height=\"187\" class=\"alignleft size-medium wp-image-72626\" srcset=\"https:\/\/migracao.redenoticia.com.br\/noticia\/imagens\/Alem_do_tempo_novela_resumo_globo-187x187.jpg 187w, https:\/\/migracao.redenoticia.com.br\/noticia\/imagens\/Alem_do_tempo_novela_resumo_globo.jpg 300w, https:\/\/migracao.redenoticia.com.br\/noticia\/imagens\/Alem_do_tempo_novela_resumo_globo-150x150.jpg 150w, https:\/\/migracao.redenoticia.com.br\/noticia\/imagens\/Alem_do_tempo_novela_resumo_globo-110x110.jpg 110w, https:\/\/migracao.redenoticia.com.br\/noticia\/imagens\/Alem_do_tempo_novela_resumo_globo-50x50.jpg 50w\" sizes=\"auto, (max-width: 187px) 100vw, 187px\" \/><strong><em>Novela \u201cAl\u00e9m do Tempo\u201d:<\/em><\/strong> Anita (Let\u00edcia Persiles) cria coragem e procura Afonso (Caio Paduan) para dizer que desistiu de ter um filho com Roberto (R\u00f4mulo Estrela). Afonso d\u00e1 os parab\u00e9ns por ela ter se arrependido a tempo da besteira que queria fazer. Anita confessa que demorou para entender seu erro e diz que sabe que o magoou. Afonso n\u00e3o reage bem e Anita desiste de falar que o ama.  <\/p>\n<p>Fonte Rede Globo \u2013 nos pr\u00f3ximos cap\u00edtulos da novela \u201cAl\u00e9m do Tempo\u201d, Alberto promete a L\u00edvia que contar\u00e1 a verdade para Em\u00edlia. Anita se decepciona ao ver Afonso com Berenice. Roberto desabafa com Berenice sobre a possibilidade de ser pai de Alex. Pedro orienta Melissa a mudar seu comportamento para n\u00e3o perder a guarda de Alex para Felipe. Rosa e Ariel se aproximam. Anita e Carola alugam um apartamento para as duas. Fel\u00edcia incentiva Massimo a procurar Salom\u00e9. Botelho agrada Salom\u00e9. Queiroz trama contra Gema. Afonso \u00e9 hostil com Anita. O Mestre questiona Ariel sobre sua decis\u00e3o em continuar a ser anjo ou se tornar humano. Alberto revela a Em\u00edlia que mentiu sobre Vit\u00f3ria.<\/p>\n<p> Alberto confessa que afastou Em\u00edlia de Vit\u00f3ria intencionalmente. Alberto passa mal. L\u00edvia avisa a Vit\u00f3ria que Em\u00edlia poder\u00e1 procur\u00e1-la. Gema aconselha Anita a lutar por Afonso. Massimo pensa em Salom\u00e9 e P\u00e9rsio o alerta sobre a aproxima\u00e7\u00e3o entre ela e Botelho. Em\u00edlia se desespera e desiste de falar com Vit\u00f3ria, que pede ajuda a L\u00edvia. Melissa comenta com Dorot\u00e9ia que pensa em submeter Alex a um exame de DNA. Mateus, Gema e Rita descobrem que Queiroz roubou a empresa da fam\u00edlia. Em\u00edlia sofre um acidente.<\/p>\n<p> Felipe e L\u00edvia resgatam Em\u00edlia, que \u00e9 levada para o hospital. Melissa tenta convencer Roberto a fazer o exame de DNA em Alex e afirma que manter\u00e1 o resultado em segredo. L\u00edvia pede que Anita n\u00e3o deixe que Alberto descubra sobre o grave acidente da m\u00e3e. Afonso garante a Berenice que desistiu de Anita. Gema confronta Queiroz. Massimo compreende que est\u00e1 sofrendo de amor por Salom\u00e9. L\u00edvia, Vit\u00f3ria e Bernardo temem pelo estado de sa\u00fade de Em\u00edlia. Uma assistente social chega \u00e0 casa de Gema para apreender Chico. Luiz liga para Em\u00edlia, mas Vit\u00f3ria atende no lugar da filha.<\/p>\n<p> Luiz n\u00e3o revela a Vit\u00f3ria os segredos que t\u00eam com Em\u00edlia. Gema conforta Chico e garante ao filho que o resgatar\u00e1 do orfanato. Mateus se sensibiliza com o comportamento de Alice. Melissa sabota a fabrica\u00e7\u00e3o do espumante de Felipe. Severa e Roberto selam sua amizade. Berenice tranquiliza Gema por causa de Chico. Bento pede conselhos ao Mestre sobre Rosa. Alice insinua a Rosa que Bento encontrar\u00e1 uma namorada. Em\u00edlia \u00e9 operada. Pedro provoca Felipe e L\u00edvia. Vit\u00f3ria procura Luiz, que acaba lhe contando suas arma\u00e7\u00f5es com Em\u00edlia. Dorot\u00e9ia descobre que Melissa e Pedro tramam contra Felipe.<\/p>\n<p> Bento cuida de Alice que est\u00e1 doente e ele e Rosa de beijam. Em\u00edlia se recupera da cirurgia, mas uma complica\u00e7\u00e3o a impede por enquanto de &#8220;acordar&#8221;. Pedro se irrita com Melissa por ver frustrado seu plano de cortar a refrigera\u00e7\u00e3o da cave de Felipe. Gema termina a sociedade com Queiroz e o bota para fora da ag\u00eancia.<\/p>\n<p> Dorot\u00e9ia repreende Melissa por tentar sabotar o espumante de Felipe. Rosa e Bento se beijam. Let\u00edcia informa a Vit\u00f3ria, L\u00edvia e Bernardo que Em\u00edlia ir\u00e1 se recuperar bem. Zilda retorna de seu retiro espiritual. Pedro afirma a Melissa que agir\u00e1 contra Felipe. Ariel presenteia Dorot\u00e9ia com uma flor. Melissa convence Roberto a fazer o exame de DNA em Alex. Fel\u00edcia visita Chico no orfanato. Raul e Gema decidem adotar Clara. Gema confronta Queiroz. L\u00edvia revela a Alberto sobre o acidente de Em\u00edlia. L\u00edvia e Vit\u00f3ria levam Em\u00edlia para casa.<\/p>\n<p> Alberto conversa com Vit\u00f3ria. Bernardo e Vit\u00f3ria tentam fazer com que Em\u00edlia desperte de seu coma. P\u00e9rsio aconselha Massimo a fazer uma serenata para Salom\u00e9. L\u00edvia pede que Felipe aceite seu dinheiro para comprar a parte de Melissa na vin\u00edcola Campobello. Marcello e Berenice se aproximam. Felipe vence a disputa entre cavaleiros e desperta a ira de Pedro. Berenice percebe os olhares entre Afonso e Anita. L\u00edvia assume o lugar de Em\u00edlia na empresa e Pedro reclama com a ex-noiva. Pedro e Melissa tramam contra L\u00edvia e Felipe. Roberto entrega a Melissa o resultado do exame de DNA de Alex.<\/p>\n","protected":false},"excerpt":{"rendered":"<p>Novela \u201cAl\u00e9m do Tempo\u201d: Anita (Let\u00edcia Persiles) cria coragem e procura Afonso (Caio Paduan) para dizer que desistiu de ter um filho com Roberto (R\u00f4mulo Estrela). Afonso d\u00e1 os parab\u00e9ns por ela ter se arrependido a tempo da besteira que queria fazer. Anita confessa que demorou para entender seu erro e diz que sabe que [&hellip;]<\/p>\n","protected":false},"author":2,"featured_media":72626,"comment_status":"open","ping_status":"closed","sticky":false,"template":"","format":"standard","meta":{"tdm_status":"","tdm_grid_status":"","footnotes":""},"categories":[379,375,343],"tags":[],"class_list":{"0":"post-79425","1":"post","2":"type-post","3":"status-publish","4":"format-standard","5":"has-post-thumbnail","7":"category-novelas","8":"category-rede-globo","9":"category-televisao"},"_links":{"self":[{"href":"https:\/\/migracao.redenoticia.com.br\/noticia\/wp-json\/wp\/v2\/posts\/79425","targetHints":{"allow":["GET"]}}],"collection":[{"href":"https:\/\/migracao.redenoticia.com.br\/noticia\/wp-json\/wp\/v2\/posts"}],"about":[{"href":"https:\/\/migracao.redenoticia.com.br\/noticia\/wp-json\/wp\/v2\/types\/post"}],"author":[{"embeddable":true,"href":"https:\/\/migracao.redenoticia.com.br\/noticia\/wp-json\/wp\/v2\/users\/2"}],"replies":[{"embeddable":true,"href":"https:\/\/migracao.redenoticia.com.br\/noticia\/wp-json\/wp\/v2\/comments?post=79425"}],"version-history":[{"count":0,"href":"https:\/\/migracao.redenoticia.com.br\/noticia\/wp-json\/wp\/v2\/posts\/79425\/revisions"}],"wp:featuredmedia":[{"embeddable":true,"href":"https:\/\/migracao.redenoticia.com.br\/noticia\/wp-json\/wp\/v2\/media\/72626"}],"wp:attachment":[{"href":"https:\/\/migracao.redenoticia.com.br\/noticia\/wp-json\/wp\/v2\/media?parent=79425"}],"wp:term":[{"taxonomy":"category","embeddable":true,"href":"https:\/\/migracao.redenoticia.com.br\/noticia\/wp-json\/wp\/v2\/categories?post=79425"},{"taxonomy":"post_tag","embeddable":true,"href":"https:\/\/migracao.redenoticia.com.br\/noticia\/wp-json\/wp\/v2\/tags?post=79425"}],"curies":[{"name":"wp","href":"https:\/\/api.w.org\/{rel}","templated":true}]}}