{"id":79629,"date":"2016-01-11T00:25:16","date_gmt":"2016-01-11T02:25:16","guid":{"rendered":"http:\/\/www.redenoticia.com.br\/noticia\/?p=79629"},"modified":"2016-01-10T19:27:46","modified_gmt":"2016-01-10T21:27:46","slug":"cesta-basica-aumenta-mais-que-o-ipca-em-todas-as-capitais-em-2015","status":"publish","type":"post","link":"https:\/\/migracao.redenoticia.com.br\/noticia\/2016\/cesta-basica-aumenta-mais-que-o-ipca-em-todas-as-capitais-em-2015\/79629","title":{"rendered":"Cesta b\u00e1sica aumenta mais que o IPCA em todas as capitais em 2015"},"content":{"rendered":"<p> Os itens que comp\u00f5em a <strong><em>cesta b\u00e1sica<\/em><\/strong> ficaram mais caros em 2015, nas 18 capitais onde o Departamento Intersindical de Estat\u00edstica e Estudos Socioecon\u00f4micos (Dieese) faz a Pesquisa da Cesta B\u00e1sica de Alimentos. Os aumentos ocorreram em n\u00edveis superiores \u00e0 varia\u00e7\u00e3o do \u00cdndice Nacional de Pre\u00e7os ao Consumidor Amplo (IPCA), que terminou o ano com alta de 10,67%.<\/p>\n<p>Ao comparar o valor acumulado da cesta b\u00e1sica em 2015 com os n\u00fameros de 2014, a pesquisa indica que o menor percentual de reajuste foi em Manaus, com alta de 11,41%, atingindo R$ 357, seguido de Goi\u00e2nia, com 11,51% e valor de R$ 335. J\u00e1 a maior corre\u00e7\u00e3o, de 23,67%, ocorreu em Salvador, onde os produtos passaram a custar, em m\u00e9dia, R$ 331. Apesar disso, Porto Alegre se mant\u00e9m como a capital pesquisada com a cesta b\u00e1sica mais cara do pa\u00eds (R$ 418,82), com alta de 20,16%.<\/p>\n<p>Na lista das capitais com os maiores valores aparecem ainda: Florian\u00f3polis (R$ 414 e alta de 17,28%); S\u00e3o Paulo (R$ 412 alta de 16,36%); Rio de Janeiro (R$ 394, alta de 16,62%) e Bras\u00edlia (R$ 392 alta de 19,19%). J\u00e1 os menores valores foram encontrados em Aracaju (R$ 296, mas com alta de 20,81%) e em Natal (R$ 309 e 15,34% mais cara).<\/p>\n<p>Tomando por base o valor da cesta mais cara do pa\u00eds, o Dieese calculou que o valor do sal\u00e1rio m\u00ednimo para uma fam\u00edlia de quatro pessoas, em dezembro, deveria alcan\u00e7ar R$ 3.517, correspondente a 4,47 vezes o valor em vigor no per\u00edodo (R$ 788). Em dezembro de 2014, o valor ideal era R$ 3.399 ou 4,10 vezes o piso vigente naquele m\u00eas (R$ 724).<\/p>\n<p>Itens mais caros<\/p>\n<p>Entre os principais itens que pressionaram o or\u00e7amento dom\u00e9stico na regi\u00e3o do Centro-sul est\u00e3o a carne bovina, tomate, p\u00e3o franc\u00eas, caf\u00e9 em p\u00f3, a\u00e7\u00facar, \u00f3leo de soja e batata. O arroz, o leite e a manteiga ficaram mais caros em 17 localidades.<\/p>\n<p>No Nordeste, a carne bovina subiu 8,48% em Jo\u00e3o Pessoa, na Para\u00edba, e 23,57% em Aracaju, em Sergipe. De acordo com a an\u00e1lise t\u00e9cnica do Dieese, entre os motivos est\u00e3o a estiagem no in\u00edcio de 2015, os elevados volumes de exporta\u00e7\u00e3o e os altos custos do boi magro e do bezerro.<\/p>\n<p>O tomate ficou 10,59% em Goi\u00e2nia e 88,24% em Salvador e tamb\u00e9m se justifica, conforme a avalia\u00e7\u00e3o t\u00e9cnica, a fatores do clima mais seco no come\u00e7o do ano e chuvas em excesso em outros per\u00edodos nas regi\u00f5es produtoras. No caso do p\u00e3o, ocorreu press\u00e3o de custo por causa da necessidade de se importar trigo mais caro por conta da eleva\u00e7\u00e3o do d\u00f3lar e tamb\u00e9m em raz\u00e3o das tarifas mais caras de \u00e1gua e luz. Em Goi\u00e2nia, o pre\u00e7o do p\u00e3o aumentou 3,08% e em campo Grande 25,03%.<\/p>\n<p>Edi\u00e7\u00e3o: Denise Griesinger<br \/>\n11\/01\/2016<\/p>\n","protected":false},"excerpt":{"rendered":"<p>Os itens que comp\u00f5em a cesta b\u00e1sica ficaram mais caros em 2015, nas 18 capitais onde o Departamento Intersindical de Estat\u00edstica e Estudos Socioecon\u00f4micos (Dieese) faz a Pesquisa da Cesta B\u00e1sica de Alimentos. Os aumentos ocorreram em n\u00edveis superiores \u00e0 varia\u00e7\u00e3o do \u00cdndice Nacional de Pre\u00e7os ao Consumidor Amplo (IPCA), que terminou o ano com [&hellip;]<\/p>\n","protected":false},"author":2,"featured_media":34916,"comment_status":"open","ping_status":"closed","sticky":false,"template":"","format":"standard","meta":{"tdm_status":"","tdm_grid_status":"","footnotes":""},"categories":[22,7],"tags":[],"class_list":{"0":"post-79629","1":"post","2":"type-post","3":"status-publish","4":"format-standard","5":"has-post-thumbnail","7":"category-brasil","8":"category-economia"},"_links":{"self":[{"href":"https:\/\/migracao.redenoticia.com.br\/noticia\/wp-json\/wp\/v2\/posts\/79629","targetHints":{"allow":["GET"]}}],"collection":[{"href":"https:\/\/migracao.redenoticia.com.br\/noticia\/wp-json\/wp\/v2\/posts"}],"about":[{"href":"https:\/\/migracao.redenoticia.com.br\/noticia\/wp-json\/wp\/v2\/types\/post"}],"author":[{"embeddable":true,"href":"https:\/\/migracao.redenoticia.com.br\/noticia\/wp-json\/wp\/v2\/users\/2"}],"replies":[{"embeddable":true,"href":"https:\/\/migracao.redenoticia.com.br\/noticia\/wp-json\/wp\/v2\/comments?post=79629"}],"version-history":[{"count":0,"href":"https:\/\/migracao.redenoticia.com.br\/noticia\/wp-json\/wp\/v2\/posts\/79629\/revisions"}],"wp:featuredmedia":[{"embeddable":true,"href":"https:\/\/migracao.redenoticia.com.br\/noticia\/wp-json\/wp\/v2\/media\/34916"}],"wp:attachment":[{"href":"https:\/\/migracao.redenoticia.com.br\/noticia\/wp-json\/wp\/v2\/media?parent=79629"}],"wp:term":[{"taxonomy":"category","embeddable":true,"href":"https:\/\/migracao.redenoticia.com.br\/noticia\/wp-json\/wp\/v2\/categories?post=79629"},{"taxonomy":"post_tag","embeddable":true,"href":"https:\/\/migracao.redenoticia.com.br\/noticia\/wp-json\/wp\/v2\/tags?post=79629"}],"curies":[{"name":"wp","href":"https:\/\/api.w.org\/{rel}","templated":true}]}}