{"id":79762,"date":"2016-01-14T17:28:47","date_gmt":"2016-01-14T19:28:47","guid":{"rendered":"http:\/\/www.redenoticia.com.br\/noticia\/?p=79762"},"modified":"2016-01-14T17:28:47","modified_gmt":"2016-01-14T19:28:47","slug":"pos-doutorado-em-saude-publica-na-usp","status":"publish","type":"post","link":"https:\/\/migracao.redenoticia.com.br\/noticia\/2016\/pos-doutorado-em-saude-publica-na-usp\/79762","title":{"rendered":"P\u00f3s-Doutorado em Sa\u00fade P\u00fablica na USP"},"content":{"rendered":"<p>Ag\u00eancia FAPESP \u2013 A Faculdade de Sa\u00fade P\u00fablica da Universidade de S\u00e3o Paulo (USP) oferece uma oportunidade de <strong><em>p\u00f3s-doutorado na \u00e1rea de Sa\u00fade Coletiva<\/em><\/strong> com bolsa da FAPESP. O prazo de inscri\u00e7\u00e3o encerra em 31 de janeiro.<\/p>\n<p>O bolsista integrar\u00e1 a equipe do projeto Estudo SABE: Sa\u00fade, Bem-estar e Envelhecimento, um estudo longitudinal de m\u00faltiplas coortes sobre condi\u00e7\u00f5es de vida e sa\u00fade dos idosos residentes no munic\u00edpio de S\u00e3o Paulo desde 2000.<\/p>\n<p>O projeto e a bolsa de P\u00f3s-doutorado s\u00e3o parte do Tem\u00e1tico .<\/p>\n<p>O bolsista desenvolver\u00e1 pesquisas sobre fragilidade em idosos: avalia\u00e7\u00e3o, determinantes precoces, evolu\u00e7\u00e3o, demandas assistenciais e impacto na utiliza\u00e7\u00e3o de servi\u00e7os sociais e de sa\u00fade.<\/p>\n<p>Os candidatos devem ter interesses de pesquisa compat\u00edveis com o Projeto Tem\u00e1tico, conhecimento de bioestat\u00edstica (an\u00e1lise de sobrevida, regress\u00e3o, an\u00e1lise hier\u00e1rquica) e doutorado obtido recentemente, de prefer\u00eancia h\u00e1 menos de dois anos.<\/p>\n<p>Os interessados dever\u00e3o enviar carta de interesse, curriculum vitae e carta de refer\u00eancia para Yeda Duarte, pesquisadora principal do projeto, no endere\u00e7o yedaenf@usp.br.<\/p>\n<p>A oportunidade est\u00e1 publicada em .<\/p>\n<p>O selecionado receber\u00e1 bolsa de P\u00f3s-Doutorado da FAPESP no valor de R$ 6.143,40 mensais e Reserva T\u00e9cnica. A Reserva T\u00e9cnica da bolsa de PD equivale a 15% do valor anual da bolsa e tem o objetivo de atender a despesas imprevistas e diretamente relacionadas \u00e0 atividade de pesquisa.<\/p>\n<p>Caso o bolsista resida em domic\u00edlio diferente e precise se mudar para a cidade onde se localiza a institui\u00e7\u00e3o sede da pesquisa, poder\u00e1 ter direito a um Aux\u00edlio-Instala\u00e7\u00e3o.<\/p>\n<p>Mais informa\u00e7\u00f5es sobre a bolsa de P\u00f3s-Doutorado da FAPESP est\u00e3o dispon\u00edveis em .<\/p>\n<p>Outras vagas de bolsas de P\u00f3s-Doutorado, em diversas \u00e1reas do conhecimento, est\u00e3o no site .<\/p>\n","protected":false},"excerpt":{"rendered":"<p>Ag\u00eancia FAPESP \u2013 A Faculdade de Sa\u00fade P\u00fablica da Universidade de S\u00e3o Paulo (USP) oferece uma oportunidade de p\u00f3s-doutorado na \u00e1rea de Sa\u00fade Coletiva com bolsa da FAPESP. O prazo de inscri\u00e7\u00e3o encerra em 31 de janeiro. O bolsista integrar\u00e1 a equipe do projeto Estudo SABE: Sa\u00fade, Bem-estar e Envelhecimento, um estudo longitudinal de m\u00faltiplas [&hellip;]<\/p>\n","protected":false},"author":2,"featured_media":35093,"comment_status":"open","ping_status":"closed","sticky":false,"template":"","format":"standard","meta":{"tdm_status":"","tdm_grid_status":"","footnotes":""},"categories":[22,370,353],"tags":[],"class_list":{"0":"post-79762","1":"post","2":"type-post","3":"status-publish","4":"format-standard","5":"has-post-thumbnail","7":"category-brasil","8":"category-inscricao","9":"category-oportunidades"},"_links":{"self":[{"href":"https:\/\/migracao.redenoticia.com.br\/noticia\/wp-json\/wp\/v2\/posts\/79762","targetHints":{"allow":["GET"]}}],"collection":[{"href":"https:\/\/migracao.redenoticia.com.br\/noticia\/wp-json\/wp\/v2\/posts"}],"about":[{"href":"https:\/\/migracao.redenoticia.com.br\/noticia\/wp-json\/wp\/v2\/types\/post"}],"author":[{"embeddable":true,"href":"https:\/\/migracao.redenoticia.com.br\/noticia\/wp-json\/wp\/v2\/users\/2"}],"replies":[{"embeddable":true,"href":"https:\/\/migracao.redenoticia.com.br\/noticia\/wp-json\/wp\/v2\/comments?post=79762"}],"version-history":[{"count":0,"href":"https:\/\/migracao.redenoticia.com.br\/noticia\/wp-json\/wp\/v2\/posts\/79762\/revisions"}],"wp:featuredmedia":[{"embeddable":true,"href":"https:\/\/migracao.redenoticia.com.br\/noticia\/wp-json\/wp\/v2\/media\/35093"}],"wp:attachment":[{"href":"https:\/\/migracao.redenoticia.com.br\/noticia\/wp-json\/wp\/v2\/media?parent=79762"}],"wp:term":[{"taxonomy":"category","embeddable":true,"href":"https:\/\/migracao.redenoticia.com.br\/noticia\/wp-json\/wp\/v2\/categories?post=79762"},{"taxonomy":"post_tag","embeddable":true,"href":"https:\/\/migracao.redenoticia.com.br\/noticia\/wp-json\/wp\/v2\/tags?post=79762"}],"curies":[{"name":"wp","href":"https:\/\/api.w.org\/{rel}","templated":true}]}}