{"id":79766,"date":"2016-01-14T17:36:30","date_gmt":"2016-01-14T19:36:30","guid":{"rendered":"http:\/\/www.redenoticia.com.br\/noticia\/?p=79766"},"modified":"2016-01-14T17:36:30","modified_gmt":"2016-01-14T19:36:30","slug":"lista-de-classificacao-do-vestibulinho-das-etecs-ja-pode-ser-consultada","status":"publish","type":"post","link":"https:\/\/migracao.redenoticia.com.br\/noticia\/2016\/lista-de-classificacao-do-vestibulinho-das-etecs-ja-pode-ser-consultada\/79766","title":{"rendered":"Lista de classifica\u00e7\u00e3o do Vestibulinho das Etecs j\u00e1 pode ser consultada"},"content":{"rendered":"<p>A lista de classifica\u00e7\u00e3o geral dos inscritos no processo seletivo das <em><strong>Etecs<\/strong><\/em> (Escolas T\u00e9cnicas Estaduais) para o primeiro semestre de 2016 j\u00e1 est\u00e1 dispon\u00edvel no . A informa\u00e7\u00e3o ser\u00e1 tamb\u00e9m divulgada na Etec em que o candidato pretende estudar.<\/p>\n<p>A rela\u00e7\u00e3o inclui quem se inscreveu nos Ensinos M\u00e9dio, T\u00e9cnico Integrado ao M\u00e9dio, nos demais cursos do Ensino T\u00e9cnico (presencial, semipresencial e on-line) e no processo de avalia\u00e7\u00e3o e certifica\u00e7\u00e3o de compet\u00eancias para acesso \u00e0s vagas remanescentes do segundo m\u00f3dulo.<\/p>\n<p>A lista de classifica\u00e7\u00e3o geral para os cursos de especializa\u00e7\u00e3o ser\u00e1 divulgada exclusivamente na unidade em que o candidato deseja estudar.<\/p>\n<p>Os convocados devem fazer a matr\u00edcula em hor\u00e1rio definido pela unidade de ensino nos dias relacionados abaixo, desde que n\u00e3o seja feriado municipal na cidade onde a Etec est\u00e1 localizada:<\/p>\n<p>* 18 e 19 de janeiro \u00a0&#8211; 1\u00aa lista de convoca\u00e7\u00e3o e matr\u00edcula<br \/>\n* 20 e 21 de janeiro &#8211; \u00a02\u00aa lista de convoca\u00e7\u00e3o e matr\u00edcula<br \/>\n* 22 de janeiro &#8211; 3\u00aa lista de convoca\u00e7\u00e3o e matr\u00edcula<br \/>\n* 25 de janeiro &#8211; 4\u00aa lista de convoca\u00e7\u00e3o e matr\u00edcula<br \/>\n* 26 de janeiro &#8211; 5\u00aa lista de convoca\u00e7\u00e3o e matr\u00edcula<\/p>\n<p>Documentos para Matr\u00edcula<br \/>\n\u00c9 preciso preencher o\u00a0requerimento de matr\u00edcula (ser\u00e1 fornecido pela Etec)\u00a0preenchido e assinado. Se o candidato tiver menos de 16 anos no momento da matr\u00edcula, caber\u00e1 a seu respons\u00e1vel legal assinar o documento; c\u00f3pia simples com apresenta\u00e7\u00e3o do original ou autenticado em cart\u00f3rio da c\u00e9dula de identidade (RG) ou da c\u00e9dula de identidade de estrangeiro (RNE) ou da carteira nacional de habilita\u00e7\u00e3o, com foto e dentro da validade, ou do documento expedido por ordem ou conselho profissional, como OAB, Crea, Coren e CRC; c\u00f3pia simples com apresenta\u00e7\u00e3o do original ou autenticado em cart\u00f3rio do CPF; duas fotos 3&#215;4 recentes e iguais.<\/p>\n<p>Quem concluiu o Ensino Fundamental regular,\u00a0deve levar\u00a0tamb\u00e9m\u00a0c\u00f3pia simples com apresenta\u00e7\u00e3o do original do hist\u00f3rico escolar com certificado de conclus\u00e3o do Ensino Fundamental; ou documento original da declara\u00e7\u00e3o de conclus\u00e3o do Ensino Fundamental, assinada por agente escolar da escola de origem, contendo a data em que o certificado e o hist\u00f3rico ser\u00e3o emitidos. Estes documentos s\u00e3o dispens\u00e1veis para a matr\u00edcula no 1\u00ba m\u00f3dulo dos cursos t\u00e9cnicos.<\/p>\n<p>Quem concluiu ou estiver estudando o Ensino M\u00e9dio regular,\u00a0deve levarc\u00f3pia simples com apresenta\u00e7\u00e3o do original do hist\u00f3rico escolar com certificado de conclus\u00e3o do Ensino M\u00e9dio; ou documento original da declara\u00e7\u00e3o de conclus\u00e3o do Ensino M\u00e9dio, assinada por agente escolar da escola de origem, ou declara\u00e7\u00e3o que est\u00e1 matriculado a partir da 2\u00aa s\u00e9rie do Ensino M\u00e9dio.<\/p>\n<p>Quem concluiu ou estiver estudando o Ensino de Educa\u00e7\u00e3o de Jovens e Adultos \u2013 EJA (supletivo) ou o Exame Nacional para Certifica\u00e7\u00e3o de Compet\u00eancias de Jovens e Adultos &#8211; Encceja,\u00a0deve levar c\u00f3pia simples com apresenta\u00e7\u00e3o do original do hist\u00f3rico escolar com certificado de conclus\u00e3o do Ensino M\u00e9dio, ou do boletim de aprova\u00e7\u00e3o do Encceja emitido e enviado pelo MEC, ou certificado de aprova\u00e7\u00e3o do Encceja em duas \u00e1reas de estudos avaliadas, emitido e enviado pelo MEC, ou documento que comprove a elimina\u00e7\u00e3o de no m\u00ednimo quatro disciplinas; ou documento original da\u00a0 declara\u00e7\u00e3o de conclus\u00e3o do Ensino M\u00e9dio, firmada pela dire\u00e7\u00e3o da escola de origem, contendo a data em que o certificado e o hist\u00f3rico ser\u00e3o emitidos,\u00a0 ou\u00a0 da declara\u00e7\u00e3o que est\u00e1 matriculado a partir do 2\u00ba semestre da EJA.<\/p>\n<p>Para o candidato que realizou o Exame Nacional do Ensino M\u00e9dio (Enem) \u2013\u00a0certificado ou declara\u00e7\u00e3o de conclus\u00e3o do Ensino M\u00e9dio, expedido pelos Institutos Federais ou pela Secretaria de Educa\u00e7\u00e3o do Estado.<br \/>\nO candidato que ingressou no Sistema de Pontua\u00e7\u00e3o Acrescida pelo item escolaridade p\u00fablica dever\u00e1, obrigatoriamente, levar a c\u00f3pia simples com apresenta\u00e7\u00e3o do original da declara\u00e7\u00e3o escolar ou do hist\u00f3rico escolar, contendo o detalhamento das s\u00e9ries cursadas e o nome da escola, para comprovar que cursou integralmente\u00a0da 5\u00aa a 8\u00aa s\u00e9rie ou do 6\u00ba ao 9\u00ba ano do Ensino Fundamental em institui\u00e7\u00f5es p\u00fablicas.<\/p>\n<p>Documentos para Matr\u00edcula \u2013 vagas remanescentes do 2\u00ba m\u00f3dulo<br \/>\nPara efetivar a matr\u00edcula, o candidato dever\u00e1 apresentar:\u00a0requerimento de matr\u00edcula (fornecido pela Etec); duas fotos 3&#215;4 recentes e iguais;c\u00f3pia simples e apresenta\u00e7\u00e3o do original ou autenticado em cart\u00f3rio de um dos seguintes documentos: c\u00e9dula de identidade (RG),\u00a0 c\u00e9dula de identidade de estrangeiros (RNE), carteira nacional de habilita\u00e7\u00e3o\u00a0 dentro da validade com foto ou documento expedido por ordens ou conselhos profissionais (exemplo: OAB, Coren e Crea, entre outros);CPF; c\u00f3pia simples com apresenta\u00e7\u00e3o do\u00a0 original do hist\u00f3rico escolar com certificado de conclus\u00e3o do Ensino M\u00e9dio regular ou equivalente (EJA\/Enceja) ou documento original da declara\u00e7\u00e3o de conclus\u00e3o do Ensino M\u00e9dio, assinada por agente escolar da escola de origem.<\/p>\n<p>Para o candidato que fez o Exame Nacional do Ensino M\u00e9dio (Enem) \u2013certificado ou declara\u00e7\u00e3o de conclus\u00e3o do Ensino M\u00e9dio, expedido pelos institutos federais ou pela Secretaria de Educa\u00e7\u00e3o do Estado correspondente.<\/p>\n<p>Documentos para Matr\u00edcula\u00a0 para os cursos de especializa\u00e7\u00e3o<br \/>\nPara efetivar a matr\u00edcula, o candidato dever\u00e1 apresentar:\u00a0requerimento de matr\u00edcula (fornecido pela Etec);\u00a0duas fotos 3&#215;4 recentes e iguais; fotoc\u00f3pia e original ou autentica\u00e7\u00e3o em cart\u00f3rio de documento de identidade, expedido pela Secretaria de Seguran\u00e7a P\u00fablica (RG) ou For\u00e7as Armadas ou Pol\u00edcia Militar, ou c\u00e9dula de identidade de estrangeiro (RNE) dentro da validade ou carteira nacional de habilita\u00e7\u00e3o dentro da validade com foto ou documento expedido por ordens ou conselhos profissionais (exemplo: OAB, Coren e Crea, entre outros); fotoc\u00f3pia e apresenta\u00e7\u00e3o do original ou autentica\u00e7\u00e3o em cart\u00f3rio do CPF; hist\u00f3rico escolar com certificado de conclus\u00e3o do Ensino T\u00e9cnico regular ou equivalente do eixo tecnol\u00f3gico escolhido, fotoc\u00f3pia simples com apresenta\u00e7\u00e3o do original ou declara\u00e7\u00e3o de conclus\u00e3o do Ensino T\u00e9cnico do eixo tecnol\u00f3gico escolhido, documento original, assinada por agente escolar da escola de origem.<\/p>\n<p>Outras informa\u00e7\u00f5es pelos telefones (11) 3471-4071 (Capital e Grande S\u00e3o Paulo) e 0800-772 2829 (demais localidades) e pelo\u00a0.<\/p>\n<p>As informa\u00e7\u00f5es s\u00e3o do Centro Paula Souza.<\/p>\n<p>Do Portal do Governo do Estado SP<\/p>\n","protected":false},"excerpt":{"rendered":"<p>A lista de classifica\u00e7\u00e3o geral dos inscritos no processo seletivo das Etecs (Escolas T\u00e9cnicas Estaduais) para o primeiro semestre de 2016 j\u00e1 est\u00e1 dispon\u00edvel no . A informa\u00e7\u00e3o ser\u00e1 tamb\u00e9m divulgada na Etec em que o candidato pretende estudar. A rela\u00e7\u00e3o inclui quem se inscreveu nos Ensinos M\u00e9dio, T\u00e9cnico Integrado ao M\u00e9dio, nos demais cursos [&hellip;]<\/p>\n","protected":false},"author":2,"featured_media":57577,"comment_status":"open","ping_status":"closed","sticky":false,"template":"","format":"standard","meta":{"tdm_status":"","tdm_grid_status":"","footnotes":""},"categories":[22,370,295],"tags":[],"class_list":{"0":"post-79766","1":"post","2":"type-post","3":"status-publish","4":"format-standard","5":"has-post-thumbnail","7":"category-brasil","8":"category-inscricao","9":"category-vestibular"},"_links":{"self":[{"href":"https:\/\/migracao.redenoticia.com.br\/noticia\/wp-json\/wp\/v2\/posts\/79766","targetHints":{"allow":["GET"]}}],"collection":[{"href":"https:\/\/migracao.redenoticia.com.br\/noticia\/wp-json\/wp\/v2\/posts"}],"about":[{"href":"https:\/\/migracao.redenoticia.com.br\/noticia\/wp-json\/wp\/v2\/types\/post"}],"author":[{"embeddable":true,"href":"https:\/\/migracao.redenoticia.com.br\/noticia\/wp-json\/wp\/v2\/users\/2"}],"replies":[{"embeddable":true,"href":"https:\/\/migracao.redenoticia.com.br\/noticia\/wp-json\/wp\/v2\/comments?post=79766"}],"version-history":[{"count":0,"href":"https:\/\/migracao.redenoticia.com.br\/noticia\/wp-json\/wp\/v2\/posts\/79766\/revisions"}],"wp:featuredmedia":[{"embeddable":true,"href":"https:\/\/migracao.redenoticia.com.br\/noticia\/wp-json\/wp\/v2\/media\/57577"}],"wp:attachment":[{"href":"https:\/\/migracao.redenoticia.com.br\/noticia\/wp-json\/wp\/v2\/media?parent=79766"}],"wp:term":[{"taxonomy":"category","embeddable":true,"href":"https:\/\/migracao.redenoticia.com.br\/noticia\/wp-json\/wp\/v2\/categories?post=79766"},{"taxonomy":"post_tag","embeddable":true,"href":"https:\/\/migracao.redenoticia.com.br\/noticia\/wp-json\/wp\/v2\/tags?post=79766"}],"curies":[{"name":"wp","href":"https:\/\/api.w.org\/{rel}","templated":true}]}}