{"id":79770,"date":"2016-01-14T17:43:25","date_gmt":"2016-01-14T19:43:25","guid":{"rendered":"http:\/\/www.redenoticia.com.br\/noticia\/?p=79770"},"modified":"2016-01-14T17:43:25","modified_gmt":"2016-01-14T19:43:25","slug":"vendas-do-comercio-tem-queda-de-78-diz-ibge","status":"publish","type":"post","link":"https:\/\/migracao.redenoticia.com.br\/noticia\/2016\/vendas-do-comercio-tem-queda-de-78-diz-ibge\/79770","title":{"rendered":"Vendas do com\u00e9rcio t\u00eam queda de 7,8%, diz IBGE"},"content":{"rendered":"<p> O <strong><em>volume de vendas do com\u00e9rcio<\/em><\/strong>, na s\u00e9rie sem ajuste sazonal, fechou o m\u00eas de novembro de 2015 com queda de 7,8% em rela\u00e7\u00e3o a novembro do ano passado (taxa anualizada), a oitava queda consecutiva e o maior recuo nesta mesma base de compara\u00e7\u00e3o desde os -11,3% de mar\u00e7o de 2003.<\/p>\n<p> Os dados foram divulgados pelo Instituto Brasileiro de Geografia e Estat\u00edstica (IBGE) e indicam que, nesta base de compara\u00e7\u00e3o, a receita nominal permanece positiva em 1,3%.<\/p>\n<p>A queda acumulada se d\u00e1 mesmo com o setor fechando novembro de 2015 com crescimento tanto no volume de vendas quanto na receita nominal, na compara\u00e7\u00e3o com outubro do ano passado, s\u00e9rie livre de influ\u00eancias sazonais. Os dados da Pesquisa Mensal do Com\u00e9rcio indicam que as vendas no varejo cresceram 1,5% de outubro para novembro, enquanto a receita nominal expandiu 2,3%.<\/p>\n<p>Nesta mesma base de compara\u00e7\u00e3o (m\u00eas com igual m\u00eas imediatamente anterior), o volume de vendas registra a segunda varia\u00e7\u00e3o positiva consecutiva na margem, o que contribuiu para interromper a trajet\u00f3ria de queda no indicador de m\u00e9dia m\u00f3vel trimestral (0,6%), que vinha sendo observada desde dezembro de 2014.<\/p>\n<p>Assim, os resultados permanecem negativos para o volume de vendas no acumulado de janeiro-novembro de 2015 (-4%) e para os \u00faltimos 12 meses (-3,5%). A receita nominal, para essas mesmas compara\u00e7\u00f5es, se mant\u00e9m no campo positivo, com varia\u00e7\u00f5es de 1,4%, 3,3% e 3,6%.<\/p>\n<p> Nielmar de Oliveira<br \/>\nEdi\u00e7\u00e3o: Kleber Sampaio<br \/>\n14\/01\/2016<\/p>\n","protected":false},"excerpt":{"rendered":"<p>O volume de vendas do com\u00e9rcio, na s\u00e9rie sem ajuste sazonal, fechou o m\u00eas de novembro de 2015 com queda de 7,8% em rela\u00e7\u00e3o a novembro do ano passado (taxa anualizada), a oitava queda consecutiva e o maior recuo nesta mesma base de compara\u00e7\u00e3o desde os -11,3% de mar\u00e7o de 2003. Os dados foram divulgados [&hellip;]<\/p>\n","protected":false},"author":2,"featured_media":38938,"comment_status":"open","ping_status":"closed","sticky":false,"template":"","format":"standard","meta":{"tdm_status":"","tdm_grid_status":"","footnotes":""},"categories":[22,7],"tags":[],"class_list":{"0":"post-79770","1":"post","2":"type-post","3":"status-publish","4":"format-standard","5":"has-post-thumbnail","7":"category-brasil","8":"category-economia"},"_links":{"self":[{"href":"https:\/\/migracao.redenoticia.com.br\/noticia\/wp-json\/wp\/v2\/posts\/79770","targetHints":{"allow":["GET"]}}],"collection":[{"href":"https:\/\/migracao.redenoticia.com.br\/noticia\/wp-json\/wp\/v2\/posts"}],"about":[{"href":"https:\/\/migracao.redenoticia.com.br\/noticia\/wp-json\/wp\/v2\/types\/post"}],"author":[{"embeddable":true,"href":"https:\/\/migracao.redenoticia.com.br\/noticia\/wp-json\/wp\/v2\/users\/2"}],"replies":[{"embeddable":true,"href":"https:\/\/migracao.redenoticia.com.br\/noticia\/wp-json\/wp\/v2\/comments?post=79770"}],"version-history":[{"count":0,"href":"https:\/\/migracao.redenoticia.com.br\/noticia\/wp-json\/wp\/v2\/posts\/79770\/revisions"}],"wp:featuredmedia":[{"embeddable":true,"href":"https:\/\/migracao.redenoticia.com.br\/noticia\/wp-json\/wp\/v2\/media\/38938"}],"wp:attachment":[{"href":"https:\/\/migracao.redenoticia.com.br\/noticia\/wp-json\/wp\/v2\/media?parent=79770"}],"wp:term":[{"taxonomy":"category","embeddable":true,"href":"https:\/\/migracao.redenoticia.com.br\/noticia\/wp-json\/wp\/v2\/categories?post=79770"},{"taxonomy":"post_tag","embeddable":true,"href":"https:\/\/migracao.redenoticia.com.br\/noticia\/wp-json\/wp\/v2\/tags?post=79770"}],"curies":[{"name":"wp","href":"https:\/\/api.w.org\/{rel}","templated":true}]}}