{"id":80037,"date":"2016-01-22T07:46:43","date_gmt":"2016-01-22T09:46:43","guid":{"rendered":"http:\/\/www.redenoticia.com.br\/noticia\/?p=80037"},"modified":"2016-01-21T16:52:36","modified_gmt":"2016-01-21T18:52:36","slug":"fiscalizacao-apreende-mais-de-mil-veiculos-clandestinos-nas-rodovias-sp-em-2015","status":"publish","type":"post","link":"https:\/\/migracao.redenoticia.com.br\/noticia\/2016\/fiscalizacao-apreende-mais-de-mil-veiculos-clandestinos-nas-rodovias-sp-em-2015\/80037","title":{"rendered":"Fiscaliza\u00e7\u00e3o apreende mais de mil ve\u00edculos clandestinos nas rodovias SP em 2015"},"content":{"rendered":"<p>Durante o ano de 2015 os fiscais da  apreenderam 1.027 ve\u00edculos (\u00f4nibus, micro\u00f4nibus e vans) que realizavam transporte intermunicipal clandestino de passageiros em todo o Estado. A m\u00e9dia foi de 85 apreens\u00f5es por m\u00eas. A coibi\u00e7\u00e3o do <strong><em>transporte clandestino<\/em><\/strong> tem o objetivo, principalmente, de garantir que a popula\u00e7\u00e3o viaje com seguran\u00e7a nos deslocamentos intermunicipais.<\/p>\n<p>J\u00e1 na primeira quinzena de janeiro de 2016 foram identificados e autuados 40 ve\u00edculos. Somam-se a isso mais oito apreens\u00f5es realizadas essa semana no litoral &#8211; sendo recolhidos cinco em Bertioga, com o apoio da Pol\u00edcia Militar Rodovi\u00e1ria e da Secretaria Municipal de Tr\u00e2nsito do munic\u00edpio, e outras tr\u00eas apreens\u00f5es foram feitas em Jardin\u00f3polis, na regi\u00e3o de Ribeir\u00e3o Preto.<\/p>\n<p>O servi\u00e7o irregular oferece in\u00fameros riscos aos passageiros, uma vez que o ve\u00edculo n\u00e3o \u00e9 vistoriado, n\u00e3o h\u00e1 garantia de que o motorista seja habilitado para transportar as pessoas e em caso de acidente n\u00e3o h\u00e1 seguro para os passageiros que est\u00e3o irregulares perante a lei.<\/p>\n<p>Todas as informa\u00e7\u00f5es necess\u00e1rias para regulamentar o transporte intermunicipal de fretamento junto \u00e0 ARTESP est\u00e3o no site da . Antes de utilizar o transporte intermunicipal, o usu\u00e1rio tamb\u00e9m pode checar a proced\u00eancia da empresa e se ela est\u00e1 cadastrada na .<\/p>\n<p>Todas as den\u00fancias por meio da Ouvidoria da ARTESP (0800.727.83.77), ou pelo endere\u00e7o eletr\u00f4nico artespouvidoria@sp.gov.br ser\u00e3o checadas.<\/p>\n<p>Do Portal do Governo do Estado SP<\/p>\n","protected":false},"excerpt":{"rendered":"<p>Durante o ano de 2015 os fiscais da apreenderam 1.027 ve\u00edculos (\u00f4nibus, micro\u00f4nibus e vans) que realizavam transporte intermunicipal clandestino de passageiros em todo o Estado. A m\u00e9dia foi de 85 apreens\u00f5es por m\u00eas. A coibi\u00e7\u00e3o do transporte clandestino tem o objetivo, principalmente, de garantir que a popula\u00e7\u00e3o viaje com seguran\u00e7a nos deslocamentos intermunicipais. J\u00e1 [&hellip;]<\/p>\n","protected":false},"author":2,"featured_media":35207,"comment_status":"open","ping_status":"closed","sticky":false,"template":"","format":"standard","meta":{"tdm_status":"","tdm_grid_status":"","footnotes":""},"categories":[22],"tags":[],"class_list":{"0":"post-80037","1":"post","2":"type-post","3":"status-publish","4":"format-standard","5":"has-post-thumbnail","7":"category-brasil"},"_links":{"self":[{"href":"https:\/\/migracao.redenoticia.com.br\/noticia\/wp-json\/wp\/v2\/posts\/80037","targetHints":{"allow":["GET"]}}],"collection":[{"href":"https:\/\/migracao.redenoticia.com.br\/noticia\/wp-json\/wp\/v2\/posts"}],"about":[{"href":"https:\/\/migracao.redenoticia.com.br\/noticia\/wp-json\/wp\/v2\/types\/post"}],"author":[{"embeddable":true,"href":"https:\/\/migracao.redenoticia.com.br\/noticia\/wp-json\/wp\/v2\/users\/2"}],"replies":[{"embeddable":true,"href":"https:\/\/migracao.redenoticia.com.br\/noticia\/wp-json\/wp\/v2\/comments?post=80037"}],"version-history":[{"count":0,"href":"https:\/\/migracao.redenoticia.com.br\/noticia\/wp-json\/wp\/v2\/posts\/80037\/revisions"}],"wp:featuredmedia":[{"embeddable":true,"href":"https:\/\/migracao.redenoticia.com.br\/noticia\/wp-json\/wp\/v2\/media\/35207"}],"wp:attachment":[{"href":"https:\/\/migracao.redenoticia.com.br\/noticia\/wp-json\/wp\/v2\/media?parent=80037"}],"wp:term":[{"taxonomy":"category","embeddable":true,"href":"https:\/\/migracao.redenoticia.com.br\/noticia\/wp-json\/wp\/v2\/categories?post=80037"},{"taxonomy":"post_tag","embeddable":true,"href":"https:\/\/migracao.redenoticia.com.br\/noticia\/wp-json\/wp\/v2\/tags?post=80037"}],"curies":[{"name":"wp","href":"https:\/\/api.w.org\/{rel}","templated":true}]}}