{"id":802,"date":"2009-04-24T18:44:18","date_gmt":"2009-04-24T22:44:18","guid":{"rendered":"http:\/\/www.redenoticia.com.br\/noticia\/?p=802"},"modified":"2009-04-25T22:56:41","modified_gmt":"2009-04-26T02:56:41","slug":"ji-parana-vai-ganhar-uti-neonatal","status":"publish","type":"post","link":"https:\/\/migracao.redenoticia.com.br\/noticia\/2009\/ji-parana-vai-ganhar-uti-neonatal\/802","title":{"rendered":"Ji-Paran\u00e1 vai ganhar UTI neonatal"},"content":{"rendered":"<p align=\"center\"><strong><span style=\"font-family: Arial; font-size: large;\"><span>Minist\u00e9rio da Sa\u00fade e governadores da Amaz\u00f4nia Legal\u00a0fazem pacto para reduzir mortalidade infantil<\/span><\/span><\/strong><\/p>\n<p><span style=\"font-family: Wingdings; font-size: x-small;\"><span>\u00a0<\/span><\/span><\/p>\n<p><em><span style=\"font-family: Wingdings; font-size: x-small;\"><span>n<\/span><\/span><\/em><em><span style=\"font-family: Arial; font-size: x-small;\"><span>\u00a0O investimento do Minist\u00e9rio da Sa\u00fade ser\u00e1 de R$ 14 milh\u00f5es at\u00e9 2010<\/span><\/span><\/em><\/p>\n<p><em><span style=\"font-family: Wingdings; font-size: x-small;\"><span>n<\/span><\/span><\/em><em><span style=\"font-family: Arial; font-size: x-small;\"><span>\u00a0Acordo atingir\u00e1 96 munic\u00edpios priorit\u00e1rios<\/span><\/span><\/em><\/p>\n<p><em><span style=\"font-family: Wingdings; font-size: x-small;\"><span>n<\/span><\/span><\/em><em><span style=\"font-family: Arial; font-size: x-small;\"><span>\u00a0Meta \u00e9 reduzir, no m\u00ednimo, em 5% ao ano o n\u00famero de \u00f3bitos de beb\u00eas menores de um ano<\/span><\/span><\/em><\/p>\n<p><em><span style=\"font-family: Wingdings; font-size: x-small;\"><span>n<\/span><\/span><\/em><em><span style=\"font-family: Arial; font-size: x-small;\"><span>\u00a0Ser\u00e3o qualificados 2.900 pediatras e obstetras<\/span><\/span><\/em><\/p>\n<p><em><span style=\"font-family: Wingdings; font-size: x-small;\"><span>n<\/span><\/span><\/em><em><span style=\"font-family: Arial; font-size: x-small;\"><span>\u00a0Amplia\u00e7\u00e3o de 99 equipes de Sa\u00fade da Fam\u00edlia nos munic\u00edpios desassistidos e nas capitais, \u00a0atingindo 1.615 ESF<\/span><\/span><\/em><\/p>\n<p><em><span style=\"font-family: Wingdings; font-size: x-small;\"><span>n<\/span><\/span><\/em><em><span style=\"font-family: Arial; font-size: x-small;\"><span>\u00a0O total de leitos de UTIs neonatais passar\u00e1 319 para 587 leitos<\/span><\/span><\/em><span style=\"font-family: Arial; font-size: x-small;\"><\/span><\/p>\n<p><span style=\"font-family: 'Arial Unicode MS'; font-size: x-small;\"><span>\u00a0<\/span><\/span><\/p>\n<p><span style=\"font-family: Arial; font-size: x-small;\"><span>O Minist\u00e9rio da Sa\u00fade assinar\u00e1, com os governadores do Acre, Amazonas, Amap\u00e1, Maranh\u00e3o, Mato Grosso, Par\u00e1, Rond\u00f4nia, Roraima e Tocantins, pacto para reduzir, no m\u00ednimo, em 5% ao ano a mortalidade infantil, especialmente o componente neonatal. A cerim\u00f4nia est\u00e1 marcada para as 14h de 27 de abril, em Manaus, com presen\u00e7a do presidente da Rep\u00fablica, Luiz In\u00e1cio Lula da Silva. Entre 1990 e 2007, a taxa de \u00f3bitos infantis tem ca\u00eddo gradualmente na regi\u00e3o. No entanto, em 2007, Maranh\u00e3o, Acre, Par\u00e1 e Amazonas ainda registraram os maiores \u00edndices de mortalidade infantil da Amaz\u00f4nia, com quedas anuais inferiores a 5% no per\u00edodo de 2000 a 2007, ficando abaixo da meta anual m\u00ednima fixada at\u00e9 2010. O Tocantins, entre 2000 e 2007, alcan\u00e7ou uma redu\u00e7\u00e3o de 3,9%, a maior da regi\u00e3o Norte, embora a taxa de mortalidade, em 2007, tenha sido de 21,4 por mil nascidos vivos.<\/span><\/span><\/p>\n<p><span style=\"font-family: Arial; font-size: x-small;\"><span>No mesmo per\u00edodo, no Brasil, morreram 443.946 crian\u00e7as menores de um ano de idade. No Nordeste, foram 144.003 e na Amaz\u00f4nia Legal (incluindo o Maranh\u00e3o), 76.916. Nas duas regi\u00f5es, o n\u00famero de \u00f3bitos somou 220.919 ou quase 50% do total nacional. Assim, a Amaz\u00f4nia Legal, como o Nordeste, est\u00e1 no foco das prioridades das a\u00e7\u00f5es do governo federal, decidido a diminuir as desigualdades regionais at\u00e9 2010. Al\u00e9m da mortalidade infantil, especialmente a de neonatos (beb\u00eas com at\u00e9 27 dias de vida), o presidente Lula da Silva quer ainda reduzir o sub-registro de nascimento, o analfabetismo e garantir mais investimentos na agricultura familiar.<\/span><\/span><\/p>\n<p><strong><span style=\"font-family: Arial; font-size: x-small;\"><span>MAIS EQUIPES E PROFISSIONAIS<\/span><\/span><\/strong><span style=\"font-family: Arial; font-size: x-small;\"><span>\u00a0<\/span><\/span><span style=\"font-family: Arial; font-size: x-small;\"><span>? O pacto pela redu\u00e7\u00e3o da mortalidade infantil abranger\u00e1 96 munic\u00edpios da Amaz\u00f4nia Legal, sendo um em Roraima, um no Amap\u00e1, tr\u00eas no Acre, 13 em Tocantins, tr\u00eas em Roraima, 11 em Mato Grosso, 12 no Amazonas, 14 no Par\u00e1 e 38 no Maranh\u00e3o. \u00a0O Minist\u00e9rio da Sa\u00fade investir\u00e1 R$ 14 milh\u00f5es nas a\u00e7\u00f5es previstas no acordo, sem contar com a contrapartida dos Estados e munic\u00edpios a ser pactuada. \u00a0A estrat\u00e9gia de Sa\u00fade da Fam\u00edlia receber\u00e1 um refor\u00e7o de 99 novas equipes nos munic\u00edpios desassistidos e nas capitais, o que elevar\u00e1 o total de 1.516 para 1.615 ESF. Com apenas um N\u00facleo de Apoio \u00e0 Sa\u00fade da Fam\u00edlia, instalado em Tocantins, at\u00e9 2010, a Amaz\u00f4nia Legal contar\u00e1 com mais 204 NASF.<\/span><\/span><\/p>\n<p><span style=\"font-family: Arial; font-size: x-small;\"><span>O refor\u00e7o na estrat\u00e9gia de Sa\u00fade da Fam\u00edlia vir\u00e1 acompanhado de qualifica\u00e7\u00e3o dos profissionais, inclusive dos NASF. O pacto prev\u00ea a qualifica\u00e7\u00e3o de 1.514 equipes locais de Sa\u00fade da Fam\u00edlia, formadas por m\u00e9dicos, enfermeiros, auxiliares de enfermagem e agentes comunit\u00e1rios de sa\u00fade, para identificar e atender as gr\u00e1vidas e os rec\u00e9m-nascidos em situa\u00e7\u00e3o de risco. O mesmo processo de capacita\u00e7\u00e3o se estender\u00e1 a outros 2.900 profissionais ? pediatras e obstetras das UTIs e UCIs neonatais ? al\u00e9m das equipes envolvidas no transporte e atendimento pr\u00e9-hospitalar ? \u00a0por meio da modalidade de educa\u00e7\u00e3o a dist\u00e2ncia.<em><\/em><\/span><\/span><\/p>\n<p><strong><span style=\"font-family: Arial; font-size: x-small;\"><span>OFERTA DE MAIS LEITOS<\/span><\/span><\/strong><span style=\"font-family: Arial; font-size: x-small;\"><span>\u00a0<\/span><\/span><span style=\"font-family: Arial; font-size: x-small;\"><span>? A oferta das Unidades de Terapia Intensiva (UTI) neonatal passar\u00e1 dos atuais 319 para 587 leitos. O aumento de 268 leitos ocorrer\u00e1 em duas etapas na regi\u00e3o. Ainda este ano, a oferta ser\u00e1 de mais 125 leitos e os 143 restantes vir\u00e3o em 2010. Haver\u00e1 expans\u00e3o tamb\u00e9m dos leitos nas Unidades de Cuidados Intermedi\u00e1rios (UCI), que passar\u00e1 dos atuais 143 para 513 leitos. Esse incremento ser\u00e1 tamb\u00e9m em duas fases ? 121 novos leitos, este ano, e mais 249, em 2010.<\/span><\/span><\/p>\n<p><span style=\"font-family: Arial; font-size: x-small;\"><span>O pacto prev\u00ea ainda suprir em 100% a demanda por leite humano para crian\u00e7as menores de 1.500 gramas nos munic\u00edpios priorit\u00e1rios, elevando de 12 para 21 o total de bancos de leite. Al\u00e9m de sete novos bancos de leite, a estrat\u00e9gia para atingir o objetivo ser\u00e1 o de estimular o aumento da produ\u00e7\u00e3o leite humano no Acre e em Roraima. Haver\u00e1 ainda implanta\u00e7\u00e3o do Servi\u00e7o de Atendimento M\u00f3vel de Urg\u00eancia (Samu) em todos os 96 munic\u00edpios eleitos priorit\u00e1rios na Amaz\u00f4nia Legal.<\/span><\/span><\/p>\n<p><strong><span style=\"font-family: Arial; font-size: x-small;\"><span>MORTALIDADE EM DECL\u00cdNIO<\/span><\/span><\/strong><span style=\"font-family: Arial; font-size: x-small;\"><span>\u00a0? No Brasil, a taxa de mortalidade infantil (menores de um ano de idade), desde 1990, mant\u00e9m tend\u00eancia cont\u00ednua de queda. Passou de 47,1 \u00f3bitos por cada mil beb\u00eas nascidos vivos para 19,3 mortes, em 2007, o que representou uma redu\u00e7\u00e3o m\u00e9dia de 59,7%. Atualmente, o Brasil, em um grupo de 68 pa\u00edses, est\u00e1 entre os 16 em condi\u00e7\u00f5es de atingir a quarta meta dos Objetivos de Desenvolvimento do Mil\u00eanio e chegar a taxa aceit\u00e1vel de 14,4 mortes por cada mil nascidos vivos, em 2012, tr\u00eas anos antes da data-limite fixada pela Organiza\u00e7\u00e3o das Na\u00e7\u00f5es Unidas, em 2000, ano em que instituiu os oito ODMs.<\/span><\/span><\/p>\n<p><span style=\"font-family: Arial; font-size: x-small;\"><span>Essa mesma tend\u00eancia de queda se reproduz no Nordeste e na Amaz\u00f4nia Legal.\u00a0 Em 2007, o Nordeste registrou 27,2 mortes por cada mil beb\u00eas nascidos vivos contra uma taxa de 75,8 \u00f3bitos por mil nascidos vivos em 1990. No Norte a taxa foi de 21,7, em 2007, contra 45,9, em 1990. Mas ambas est\u00e3o longe da m\u00e9dia nacional e mais distantes ainda das taxas alcan\u00e7adas no Sul e Sudeste, que superaram a meta n\u00famero 4 estabelecida pelos Objetivos de Desenvolvimento do Mil\u00eanio, para ser alcan\u00e7ada em 2015, de 14,4 \u00f3bitos por cada mil nascidos vivos.. O Sul fechou 2007 com uma taxa de 12,9 mortes por cada mil crian\u00e7as nascidas vivas e o Sudeste em 13,8. Embora o resultado do Sul e Sudeste seja expressivo, o Brasil ainda tem um bom caminho a percorrer para alcan\u00e7ar a taxa de mortalidade infantil dos pa\u00edses desenvolvidos que \u00e9 de 4 mortes por cada mil nascidos vivos.<\/span><\/span><\/p>\n<p><span style=\"font-family: Arial; font-size: x-small;\"><span>O decl\u00ednio da mortalidade infantil no Brasil \u00e9 resultado do aumento da cobertura vacinal da popula\u00e7\u00e3o, uso da terapia de reindrata\u00e7\u00e3o oral, aumento da cobertura do pr\u00e9-natal, amplia\u00e7\u00e3o dos servi\u00e7os de sa\u00fade, redu\u00e7\u00e3o cont\u00ednua da fecundidade, melhoria das condi\u00e7\u00f5es ambientas, aumento do grau de escolaridade das m\u00e3es e das taxas de aleitamento materno.<\/span><\/span><\/p>\n<p><span style=\"font-family: Arial; font-size: x-small;\"><span><strong>Algumas a\u00e7\u00f5es do pacto nos estados da Amaz\u00f4nia Legal<\/strong><\/span><\/span><\/p>\n<p><span style=\"font-family: Arial; font-size: x-small;\"><span><\/p>\n<table border=\"0\" cellspacing=\"0\" cellpadding=\"0\">\n<tbody>\n<tr height=\"19\">\n<td colspan=\"4\" width=\"633\" height=\"19\">\n<p align=\"center\"><strong><span style=\"font-family: Arial; font-size: x-small;\"><span>ROND\u00d4NIA<\/span><\/span><\/strong><\/p>\n<\/td>\n<\/tr>\n<tr>\n<td width=\"375\">\n<p align=\"center\"><strong><span style=\"font-family: Arial; font-size: x-small;\"><span>a\u00e7\u00e3o<\/span><\/span><\/strong><\/p>\n<\/td>\n<td width=\"86\">\n<p align=\"center\"><strong><span style=\"font-family: Arial; font-size: x-small;\"><span>atual<\/span><\/span><\/strong><\/p>\n<\/td>\n<td width=\"86\">\n<p align=\"center\"><strong><span style=\"font-family: Arial; font-size: x-small;\"><span>aumento<\/span><\/span><\/strong><\/p>\n<\/td>\n<td width=\"86\">\n<p align=\"center\"><strong><span style=\"font-family: Arial; font-size: x-small;\"><span>total<\/span><\/span><\/strong><\/p>\n<\/td>\n<\/tr>\n<tr>\n<td width=\"375\"><span style=\"font-family: Arial; font-size: x-small;\"><span>Equipe de Sa\u00fade da Fam\u00edlia<\/span><\/span><\/td>\n<td width=\"86\">\n<p align=\"center\"><span style=\"font-family: Arial; font-size: x-small;\"><span>68<\/span><\/span><\/p>\n<\/td>\n<td width=\"86\">\n<p align=\"center\"><span style=\"font-family: Arial; font-size: x-small;\"><span>9<\/span><\/span><\/p>\n<\/td>\n<td width=\"86\">\n<p align=\"center\"><span style=\"font-family: Arial; font-size: x-small;\"><span>77<\/span><\/span><\/p>\n<\/td>\n<\/tr>\n<tr>\n<td width=\"375\"><span style=\"font-family: Arial; font-size: x-small;\"><span>N\u00facleos de Apoio \u00e0 Sa\u00fade da Fam\u00edlia (Nasf)<\/span><\/span><\/td>\n<td width=\"86\">\n<p align=\"center\"><span style=\"font-family: Arial; font-size: x-small;\"><span>?<\/span><\/span><\/p>\n<\/td>\n<td width=\"86\">\n<p align=\"center\"><span style=\"font-family: Arial; font-size: x-small;\"><span>10<\/span><\/span><\/p>\n<\/td>\n<td width=\"86\">\n<p align=\"center\"><span style=\"font-family: Arial; font-size: x-small;\"><span>10<\/span><\/span><\/p>\n<\/td>\n<\/tr>\n<tr>\n<td width=\"375\"><span style=\"font-family: Arial; font-size: x-small;\"><span>Leitos de UTI neonatal<\/span><\/span><\/td>\n<td width=\"86\">\n<p align=\"center\"><span style=\"font-family: Arial; font-size: x-small;\"><span>13<\/span><\/span><\/p>\n<\/td>\n<td width=\"86\">\n<p align=\"center\"><span style=\"font-family: Arial; font-size: x-small;\"><span>26<\/span><\/span><\/p>\n<\/td>\n<td width=\"86\">\n<p align=\"center\"><span style=\"font-family: Arial; font-size: x-small;\"><span>39<\/span><\/span><\/p>\n<\/td>\n<\/tr>\n<tr>\n<td width=\"375\"><span style=\"font-family: Arial; font-size: x-small;\"><span>Leitos de UCI<\/span><\/span><\/td>\n<td width=\"86\">\n<p align=\"center\"><span style=\"font-family: Arial; font-size: x-small;\"><span>3<\/span><\/span><\/p>\n<\/td>\n<td width=\"86\">\n<p align=\"center\"><span style=\"font-family: Arial; font-size: x-small;\"><span>14<\/span><\/span><\/p>\n<\/td>\n<td width=\"86\">\n<p align=\"center\"><span style=\"font-family: Arial; font-size: x-small;\"><span>17<\/span><\/span><\/p>\n<\/td>\n<\/tr>\n<tr>\n<td width=\"375\"><span style=\"font-family: Arial; font-size: x-small;\"><span>Bancos de Leite Humano<\/span><\/span><\/td>\n<td width=\"86\">\n<p align=\"center\"><span style=\"font-family: Arial; font-size: x-small;\"><span>1<\/span><\/span><\/p>\n<\/td>\n<td width=\"86\">\n<p align=\"center\"><span style=\"font-family: Arial; font-size: x-small;\"><span>1<\/span><\/span><\/p>\n<\/td>\n<td width=\"86\">\n<p align=\"center\"><span style=\"font-family: Arial; font-size: x-small;\"><span>2<\/span><\/span><\/p>\n<\/td>\n<\/tr>\n<tr>\n<td colspan=\"4\" width=\"633\"><strong><span style=\"font-family: Arial; font-size: x-small;\"><span>Munic\u00edpios priorit\u00e1rios:\u00a0<\/span><\/span><\/strong><span style=\"font-family: Arial; font-size: x-small;\"><span>Porto Velho, Ji-Paran\u00e1 e Ariquemes<\/span><\/span><\/p>\n<p>\u00a0<\/p>\n<p><span style=\"font-family: Arial; font-size: x-small;\"><span>Fonte: Minist\u00e9rio da Saude<\/span><\/span><\/td>\n<\/tr>\n<\/tbody>\n<\/table>\n<p><\/span><\/span><\/p>\n","protected":false},"excerpt":{"rendered":"<p>Minist\u00e9rio da Sa\u00fade e governadores da Amaz\u00f4nia Legal\u00a0fazem pacto para reduzir mortalidade infantil \u00a0 n\u00a0O investimento do Minist\u00e9rio da Sa\u00fade ser\u00e1 de R$ 14 milh\u00f5es at\u00e9 2010 n\u00a0Acordo atingir\u00e1 96 munic\u00edpios priorit\u00e1rios n\u00a0Meta \u00e9 reduzir, no m\u00ednimo, em 5% ao ano o n\u00famero de \u00f3bitos de beb\u00eas menores de um ano n\u00a0Ser\u00e3o qualificados 2.900 pediatras [&hellip;]<\/p>\n","protected":false},"author":2,"featured_media":0,"comment_status":"open","ping_status":"open","sticky":false,"template":"","format":"standard","meta":{"tdm_status":"","tdm_grid_status":"","footnotes":""},"categories":[5],"tags":[],"class_list":{"0":"post-802","1":"post","2":"type-post","3":"status-publish","4":"format-standard","6":"category-saude-e-vida"},"_links":{"self":[{"href":"https:\/\/migracao.redenoticia.com.br\/noticia\/wp-json\/wp\/v2\/posts\/802","targetHints":{"allow":["GET"]}}],"collection":[{"href":"https:\/\/migracao.redenoticia.com.br\/noticia\/wp-json\/wp\/v2\/posts"}],"about":[{"href":"https:\/\/migracao.redenoticia.com.br\/noticia\/wp-json\/wp\/v2\/types\/post"}],"author":[{"embeddable":true,"href":"https:\/\/migracao.redenoticia.com.br\/noticia\/wp-json\/wp\/v2\/users\/2"}],"replies":[{"embeddable":true,"href":"https:\/\/migracao.redenoticia.com.br\/noticia\/wp-json\/wp\/v2\/comments?post=802"}],"version-history":[{"count":0,"href":"https:\/\/migracao.redenoticia.com.br\/noticia\/wp-json\/wp\/v2\/posts\/802\/revisions"}],"wp:attachment":[{"href":"https:\/\/migracao.redenoticia.com.br\/noticia\/wp-json\/wp\/v2\/media?parent=802"}],"wp:term":[{"taxonomy":"category","embeddable":true,"href":"https:\/\/migracao.redenoticia.com.br\/noticia\/wp-json\/wp\/v2\/categories?post=802"},{"taxonomy":"post_tag","embeddable":true,"href":"https:\/\/migracao.redenoticia.com.br\/noticia\/wp-json\/wp\/v2\/tags?post=802"}],"curies":[{"name":"wp","href":"https:\/\/api.w.org\/{rel}","templated":true}]}}