{"id":80425,"date":"2016-02-01T10:03:51","date_gmt":"2016-02-01T12:03:51","guid":{"rendered":"http:\/\/www.redenoticia.com.br\/noticia\/?p=80425"},"modified":"2016-01-31T18:22:29","modified_gmt":"2016-01-31T20:22:29","slug":"instituto-de-estudos-brasileiros-da-usp-seleciona-para-o-curso-de-mestrado","status":"publish","type":"post","link":"https:\/\/migracao.redenoticia.com.br\/noticia\/2016\/instituto-de-estudos-brasileiros-da-usp-seleciona-para-o-curso-de-mestrado\/80425","title":{"rendered":"Instituto de Estudos Brasileiros da USP seleciona para o curso de mestrado"},"content":{"rendered":"<p>Ag\u00eancia FAPESP \u2013 O Instituto de Estudos Brasileiros (IEB) da Universidade de S\u00e3o Paulo (USP) iniciar\u00e1 em 28 de mar\u00e7o as inscri\u00e7\u00f5es para o curso de Mestrado para o ingresso no Programa de <strong><em>P\u00f3s-Gradua\u00e7\u00e3o em Culturas e Identidades Brasileiras<\/em><\/strong>. O prazo encerra em 1\u00ba de abril.<\/p>\n<p>Para a inscri\u00e7\u00e3o, presencial ou \u00e0 dist\u00e2ncia, os candidatos dever\u00e3o preencher o , apresentar c\u00f3pia do RG, CPF, o diploma do Curso Superior e o hist\u00f3rico escolar, al\u00e9m do curr\u00edculo vitae (no modelo Lattes).<\/p>\n<p>\u00c9 exigido tamb\u00e9m a apresenta\u00e7\u00e3o de um projeto de pesquisa e a indica\u00e7\u00e3o de at\u00e9 dois docentes para sua orienta\u00e7\u00e3o. O exame de sele\u00e7\u00e3o ser\u00e1 feito em duas fases: prova escrita e de profici\u00eancia em l\u00edngua estrangeira e avalia\u00e7\u00e3o e argui\u00e7\u00e3o do projeto de pesquisa e an\u00e1lise do hist\u00f3rico escolar.<\/p>\n<p>Para mais informa\u00e7\u00f5es acesse o site .<\/p>\n<p>&#8212;<\/p>\n<p>Da sele\u00e7\u00e3o:<\/p>\n<p>1\u00aa FASE:<\/p>\n<p>1. prova escrita eliminat\u00f3ria;<\/p>\n<p>2. profici\u00eancia em l\u00edngua estrangeira.<\/p>\n<p>2\u00aa FASE:<\/p>\n<p>1. avalia\u00e7\u00e3o e argui\u00e7\u00e3o do projeto de pesquisa;<\/p>\n<p>2. an\u00e1lise do hist\u00f3rico escolar.<\/p>\n<p>O atraso ou aus\u00eancia em qualquer uma das avalia\u00e7\u00f5es acarretar\u00e1 a elimina\u00e7\u00e3o do candidato.<\/p>\n","protected":false},"excerpt":{"rendered":"<p>Ag\u00eancia FAPESP \u2013 O Instituto de Estudos Brasileiros (IEB) da Universidade de S\u00e3o Paulo (USP) iniciar\u00e1 em 28 de mar\u00e7o as inscri\u00e7\u00f5es para o curso de Mestrado para o ingresso no Programa de P\u00f3s-Gradua\u00e7\u00e3o em Culturas e Identidades Brasileiras. O prazo encerra em 1\u00ba de abril. Para a inscri\u00e7\u00e3o, presencial ou \u00e0 dist\u00e2ncia, os candidatos [&hellip;]<\/p>\n","protected":false},"author":2,"featured_media":28960,"comment_status":"open","ping_status":"closed","sticky":false,"template":"","format":"standard","meta":{"tdm_status":"","tdm_grid_status":"","footnotes":""},"categories":[22,351,370],"tags":[],"class_list":{"0":"post-80425","1":"post","2":"type-post","3":"status-publish","4":"format-standard","5":"has-post-thumbnail","7":"category-brasil","8":"category-cursos","9":"category-inscricao"},"_links":{"self":[{"href":"https:\/\/migracao.redenoticia.com.br\/noticia\/wp-json\/wp\/v2\/posts\/80425","targetHints":{"allow":["GET"]}}],"collection":[{"href":"https:\/\/migracao.redenoticia.com.br\/noticia\/wp-json\/wp\/v2\/posts"}],"about":[{"href":"https:\/\/migracao.redenoticia.com.br\/noticia\/wp-json\/wp\/v2\/types\/post"}],"author":[{"embeddable":true,"href":"https:\/\/migracao.redenoticia.com.br\/noticia\/wp-json\/wp\/v2\/users\/2"}],"replies":[{"embeddable":true,"href":"https:\/\/migracao.redenoticia.com.br\/noticia\/wp-json\/wp\/v2\/comments?post=80425"}],"version-history":[{"count":0,"href":"https:\/\/migracao.redenoticia.com.br\/noticia\/wp-json\/wp\/v2\/posts\/80425\/revisions"}],"wp:featuredmedia":[{"embeddable":true,"href":"https:\/\/migracao.redenoticia.com.br\/noticia\/wp-json\/wp\/v2\/media\/28960"}],"wp:attachment":[{"href":"https:\/\/migracao.redenoticia.com.br\/noticia\/wp-json\/wp\/v2\/media?parent=80425"}],"wp:term":[{"taxonomy":"category","embeddable":true,"href":"https:\/\/migracao.redenoticia.com.br\/noticia\/wp-json\/wp\/v2\/categories?post=80425"},{"taxonomy":"post_tag","embeddable":true,"href":"https:\/\/migracao.redenoticia.com.br\/noticia\/wp-json\/wp\/v2\/tags?post=80425"}],"curies":[{"name":"wp","href":"https:\/\/api.w.org\/{rel}","templated":true}]}}