{"id":809,"date":"2009-04-25T09:52:15","date_gmt":"2009-04-25T13:52:15","guid":{"rendered":"http:\/\/www.redenoticia.com.br\/noticia\/?p=809"},"modified":"2009-04-25T22:55:08","modified_gmt":"2009-04-26T02:55:08","slug":"para-vereadores-de-ji-paran-promessa-dvida","status":"publish","type":"post","link":"https:\/\/migracao.redenoticia.com.br\/noticia\/2009\/para-vereadores-de-ji-paran-promessa-dvida\/809","title":{"rendered":"Para vereadores de Ji-Paran\u00e1, promessa \u00e9 d\u00edvida"},"content":{"rendered":"<p>Para atender ao desafio lan\u00e7ado pelo Governo de Rond\u00f4nia, a c\u00e2mara municipal de Ji-Paran\u00e1 economizou R$ 500.000,00 nos primeiros quatro meses desta legislatura.<\/p>\n<p>O dinheiro ser\u00e1 devolvido \u00e0 administra\u00e7\u00e3o municipal em maio, desde que o Governo Estadual cumpra com a promessa de dobrar a quantia e investir em Ji-Paran\u00e1.<\/p>\n<p>Segundo o presidente da c\u00e2mara, Nilton C\u00e9sar(PSB), o destino do dinheiro n\u00e3o est\u00e1 definido e existe a possibilidade de fazer uma audi\u00eancia p\u00fablica com as lideran\u00e7as para ouvir a comunidade.<\/p>\n<p>Entre as v\u00e1rias sugest\u00f5es dos vereadores e da comunidade, a aplica\u00e7\u00e3o da verba poder\u00e1 ser em um centro de conven\u00e7\u00e3o ecum\u00eanica e empresarial, que propiciar\u00e1 a realiza\u00e7\u00e3o de eventos e feiras estaduais de grande porte. <\/p>\n<p>Este projeto atende \u00e0 comunidade sem privilegiar grupos e ainda proporciona a capta\u00e7\u00e3o de recursos para a cidade.<\/p>\n","protected":false},"excerpt":{"rendered":"<p>Para atender ao desafio lan\u00e7ado pelo Governo de Rond\u00f4nia, a c\u00e2mara municipal de Ji-Paran\u00e1 economizou R$ 500.000,00 nos primeiros quatro meses desta legislatura. O dinheiro ser\u00e1 devolvido \u00e0 administra\u00e7\u00e3o municipal em maio, desde que o Governo Estadual cumpra com a promessa de dobrar a quantia e investir em Ji-Paran\u00e1. Segundo o presidente da c\u00e2mara, Nilton [&hellip;]<\/p>\n","protected":false},"author":2,"featured_media":0,"comment_status":"open","ping_status":"open","sticky":false,"template":"","format":"standard","meta":{"tdm_status":"","tdm_grid_status":"","footnotes":""},"categories":[22],"tags":[],"class_list":{"0":"post-809","1":"post","2":"type-post","3":"status-publish","4":"format-standard","6":"category-brasil"},"_links":{"self":[{"href":"https:\/\/migracao.redenoticia.com.br\/noticia\/wp-json\/wp\/v2\/posts\/809","targetHints":{"allow":["GET"]}}],"collection":[{"href":"https:\/\/migracao.redenoticia.com.br\/noticia\/wp-json\/wp\/v2\/posts"}],"about":[{"href":"https:\/\/migracao.redenoticia.com.br\/noticia\/wp-json\/wp\/v2\/types\/post"}],"author":[{"embeddable":true,"href":"https:\/\/migracao.redenoticia.com.br\/noticia\/wp-json\/wp\/v2\/users\/2"}],"replies":[{"embeddable":true,"href":"https:\/\/migracao.redenoticia.com.br\/noticia\/wp-json\/wp\/v2\/comments?post=809"}],"version-history":[{"count":0,"href":"https:\/\/migracao.redenoticia.com.br\/noticia\/wp-json\/wp\/v2\/posts\/809\/revisions"}],"wp:attachment":[{"href":"https:\/\/migracao.redenoticia.com.br\/noticia\/wp-json\/wp\/v2\/media?parent=809"}],"wp:term":[{"taxonomy":"category","embeddable":true,"href":"https:\/\/migracao.redenoticia.com.br\/noticia\/wp-json\/wp\/v2\/categories?post=809"},{"taxonomy":"post_tag","embeddable":true,"href":"https:\/\/migracao.redenoticia.com.br\/noticia\/wp-json\/wp\/v2\/tags?post=809"}],"curies":[{"name":"wp","href":"https:\/\/api.w.org\/{rel}","templated":true}]}}