{"id":8095,"date":"2009-08-10T13:18:10","date_gmt":"2009-08-10T17:18:10","guid":{"rendered":"http:\/\/www.redenoticia.com.br\/noticia\/?p=8095"},"modified":"2009-08-10T13:18:10","modified_gmt":"2009-08-10T17:18:10","slug":"pesca-inaugura-laboratorio-de-analise-de-qualidade-da-agua-durante-3-eventos-paralelos","status":"publish","type":"post","link":"https:\/\/migracao.redenoticia.com.br\/noticia\/2009\/pesca-inaugura-laboratorio-de-analise-de-qualidade-da-agua-durante-3-eventos-paralelos\/8095","title":{"rendered":"Pesca inaugura laborat\u00f3rio de an\u00e1lise de qualidade da \u00e1gua durante 3 eventos paralelos"},"content":{"rendered":"<p>As comemora\u00e7\u00f5es dos 40 anos do Instituto de Pesca da Ag\u00eancia Paulista de Tecnologia dos Agroneg\u00f3cios, \u00f3rg\u00e3o da Secretaria de Agricultura e Abastecimento do Estado (IP\/Apta\/SAA), completados em abril, continuam. O instituto promover\u00e1, a partir de 11 de agosto, na capital paulista, tr\u00eas eventos cient\u00edficos com o mesmo enfoque: &#8220;Recursos pesqueiros e aqu\u00edcolas: interfaces ambiental, social e econ\u00f4mica&#8221;. Por ocasi\u00e3o da abertura da 9\u00aa Reuni\u00e3o Cient\u00edfica, nesta ter\u00e7a, \u00e0s 16h30, o secret\u00e1rio Jo\u00e3o Sampaio inaugura o Laborat\u00f3rio de An\u00e1lise de Qualidade de \u00c1gua.\u00a0<\/p>\n<p>Trata-se de um dos \u00fanicos laborat\u00f3rios no Brasil que concentra, numa \u00fanica unidade, an\u00e1lises f\u00edsicas, qu\u00edmicas e biol\u00f3gicas da \u00e1gua, dentro da abordagem de dar suporte \u00e0 sustentabilidade ambiental das in\u00fameras atividades relacionadas ao meio aqu\u00e1tico, informa o pesquisador Julio Vicente Lombardi, assessor da diretoria do IP.<\/p>\n<p>Assim, a Secretaria ser\u00e1 o primeiro \u00f3rg\u00e3o p\u00fablico qualificado a atender os diferentes setores do agroneg\u00f3cio, particularmente as atividades voltadas \u00e0 pesca e \u00e0 aquicultura, grandes dependentes da qualidade dos recursos h\u00eddricos. Mas outros tamb\u00e9m ser\u00e3o beneficiados: &#8220;O setor industrial, por exemplo, necessita de an\u00e1lises frequentes para avaliar a qualidade de seus efluentes l\u00edquidos&#8221;, diz Lombardi.<\/p>\n<p>O laborat\u00f3rio permitir\u00e1 analisar a qualidade da \u00e1gua antes da capta\u00e7\u00e3o, durante a atividade (para melhorar a produ\u00e7\u00e3o) e depois de seu uso. &#8220;Antigamente, o aquicultor se preocupava mais com a qualidade da \u00e1gua que chegava ao empreendimento, para dar possibilidade de se criar o organismo aqu\u00e1tico. Todavia, n\u00e3o existia qualquer preocupa\u00e7\u00e3o com a qualidade da \u00e1gua que sa\u00eda dos viveiros de cria\u00e7\u00e3o e que era depositada no meio ambiente&#8221;, explica. &#8220;Hoje, essa preocupa\u00e7\u00e3o j\u00e1 existe e possu\u00edmos uma ideia sobre as implica\u00e7\u00f5es do lan\u00e7amento de efluentes de cada tipo de atividade.&#8221;<\/p>\n<p>O laborat\u00f3rio ainda dever\u00e1 dar suporte \u00e0s an\u00e1lises envolvidas nos processos de regula\u00e7\u00e3o do uso e ao monitoramento da \u00e1gua, dentro da Pol\u00edtica Nacional de Recursos H\u00eddricos. Assim, garantir\u00e1 um sistema de informa\u00e7\u00f5es s\u00f3lido e eficiente com respeito \u00e0 gest\u00e3o desse recurso no \u00e2mbito nacional, afirma Lombardi. &#8220;Ele vai servir tanto para o produtor controlar o seu n\u00edvel de polui\u00e7\u00e3o, de lan\u00e7amento de efluentes, quanto para os \u00f3rg\u00e3os ambientais ditarem regras sobre esse tipo de monitoramento. O laborat\u00f3rio tem condi\u00e7\u00f5es de fazer an\u00e1lises f\u00edsicas, qu\u00edmicas e de par\u00e2metros biol\u00f3gicos, em comum acordo com a resolu\u00e7\u00e3o do Conselho Nacional do Meio Ambiente (Conama) 357\/2005, que dita limites para esse tipo de controle.&#8221;<\/p>\n<p>OS EVENTOS &#8211; Palestras e mesas-redondas fazem parte da programa\u00e7\u00e3o da 9\u00aa Reuni\u00e3o Cient\u00edfica e do 1\u00ba Encontro de P\u00f3s-Graduandos, at\u00e9 o dia 13. Resumos de trabalhos cient\u00edficos estar\u00e3o expostos em pain\u00e9is. J\u00e1 o 4\u00ba Semin\u00e1rio de Inicia\u00e7\u00e3o Cient\u00edfica, que ocorre at\u00e9 o dia 14, complementa as atividades do Programa Institucional de Bolsas de Inicia\u00e7\u00e3o Cient\u00edfica, mantido em parceria com o Conselho Nacional de Desenvolvimento Cient\u00edfico e Tecnol\u00f3gico (CNPq).<\/p>\n<p>O principal intuito \u00e9 iniciar a viv\u00eancia e intera\u00e7\u00e3o dos jovens envolvidos no processo de forma\u00e7\u00e3o cient\u00edfica, sejam do IP ou de outras institui\u00e7\u00f5es, em reuni\u00f5es de especialistas, espa\u00e7os apropriados para a exposi\u00e7\u00e3o e discuss\u00e3o de informa\u00e7\u00f5es e ideias em desenvolvimento. A ajuda de custo recebida pelos bolsistas propicia a muitos a possibilidade de dedica\u00e7\u00e3o integral \u00e0s atividades de estudo e pesquisa.<\/p>\n<p>A iniciativa conta com o apoio do Instituto Biol\u00f3gico (IB\/Apta\/SAA), Funda\u00e7\u00e3o de Amparo \u00e0 Pesquisa do Estado de S\u00e3o Paulo (Fapesp), Funda\u00e7\u00e3o de Desenvolvimento da Pesquisa do Agroneg\u00f3cio (Fundepag), Faculdade Cantareira, Guabi Nutri\u00e7\u00e3o Animal e Escama Forte Piscicultura.<\/p>\n<p>Um dos objetivos do Instituto de Pesca \u00e9 demonstrar que trabalha para proporcionar tecnologia sustent\u00e1vel \u00e0 produ\u00e7\u00e3o de pescado, destacando seu valor econ\u00f4mico, respeito ao meio ambiente e atendimento \u00e0s quest\u00f5es sociais.<\/p>\n<p>Os eventos ser\u00e3o realizados no Parque da \u00c1gua Branca (&#8220;Dr. Fernando Costa&#8221;), audit\u00f3rio &#8220;Paulinho Nogueira&#8221; &#8211; avenida Francisco Matarazzo, 455, S\u00e3o Paulo (Capital), pr\u00f3ximo ao metr\u00f4 Barra Funda. (Veja programa\u00e7\u00e3o da Reuni\u00e3o Cient\u00edfica e do Encontro de P\u00f3s-Graduandos &#8211; www.pesca.sp.gov.br; e do Semin\u00e1rio de Inicia\u00e7\u00e3o Cient\u00edfica &#8211; www.pesca.sp.gov.br).<\/p>\n","protected":false},"excerpt":{"rendered":"<p>As comemora\u00e7\u00f5es dos 40 anos do Instituto de Pesca da Ag\u00eancia Paulista de Tecnologia dos Agroneg\u00f3cios, \u00f3rg\u00e3o da Secretaria de Agricultura e Abastecimento do Estado (IP\/Apta\/SAA), completados em abril, continuam. O instituto promover\u00e1, a partir de 11 de agosto, na capital paulista, tr\u00eas eventos cient\u00edficos com o mesmo enfoque: &#8220;Recursos pesqueiros e aqu\u00edcolas: interfaces ambiental, [&hellip;]<\/p>\n","protected":false},"author":3,"featured_media":0,"comment_status":"open","ping_status":"open","sticky":false,"template":"","format":"standard","meta":{"tdm_status":"","tdm_grid_status":"","footnotes":""},"categories":[22,7],"tags":[],"class_list":{"0":"post-8095","1":"post","2":"type-post","3":"status-publish","4":"format-standard","6":"category-brasil","7":"category-economia"},"_links":{"self":[{"href":"https:\/\/migracao.redenoticia.com.br\/noticia\/wp-json\/wp\/v2\/posts\/8095","targetHints":{"allow":["GET"]}}],"collection":[{"href":"https:\/\/migracao.redenoticia.com.br\/noticia\/wp-json\/wp\/v2\/posts"}],"about":[{"href":"https:\/\/migracao.redenoticia.com.br\/noticia\/wp-json\/wp\/v2\/types\/post"}],"author":[{"embeddable":true,"href":"https:\/\/migracao.redenoticia.com.br\/noticia\/wp-json\/wp\/v2\/users\/3"}],"replies":[{"embeddable":true,"href":"https:\/\/migracao.redenoticia.com.br\/noticia\/wp-json\/wp\/v2\/comments?post=8095"}],"version-history":[{"count":0,"href":"https:\/\/migracao.redenoticia.com.br\/noticia\/wp-json\/wp\/v2\/posts\/8095\/revisions"}],"wp:attachment":[{"href":"https:\/\/migracao.redenoticia.com.br\/noticia\/wp-json\/wp\/v2\/media?parent=8095"}],"wp:term":[{"taxonomy":"category","embeddable":true,"href":"https:\/\/migracao.redenoticia.com.br\/noticia\/wp-json\/wp\/v2\/categories?post=8095"},{"taxonomy":"post_tag","embeddable":true,"href":"https:\/\/migracao.redenoticia.com.br\/noticia\/wp-json\/wp\/v2\/tags?post=8095"}],"curies":[{"name":"wp","href":"https:\/\/api.w.org\/{rel}","templated":true}]}}