{"id":8097,"date":"2009-08-10T13:20:07","date_gmt":"2009-08-10T17:20:07","guid":{"rendered":"http:\/\/www.redenoticia.com.br\/noticia\/?p=8097"},"modified":"2009-08-10T13:20:07","modified_gmt":"2009-08-10T17:20:07","slug":"ministerio-da-saude-fornece-equipamentos-para-ji-parana-rondonia","status":"publish","type":"post","link":"https:\/\/migracao.redenoticia.com.br\/noticia\/2009\/ministerio-da-saude-fornece-equipamentos-para-ji-parana-rondonia\/8097","title":{"rendered":"Minist\u00e9rio da Saude fornece equipamentos para Ji-Paran\u00e1 (Rond\u00f4nia)"},"content":{"rendered":"<p>A Secretaria Municipal de Sa\u00fade (Semusa) recebeu ontem, diretamente do Minist\u00e9rio da Sa\u00fade (MS), quase R$ 100 mil em equipamentos que foram entregues \u00e0 Divis\u00e3o de Vetores para o combate de endemias em Ji-Paran\u00e1. A aquisi\u00e7\u00e3o do equipamento foi resultado de indica\u00e7\u00e3o feita em uma das reuni\u00f5es da Comiss\u00e3o Intergestores Bipartite (CIB), cujo secret\u00e1rio de Sa\u00fade do munic\u00edpio, Jos\u00e9 Batista da Silva, faz parte.<\/p>\n<p>Foram entregues hoje pela manh\u00e3, na Divis\u00e3o de Vetores, no bairro Nova Bras\u00edlia, duas motocicletas 125 cilindradas, dois microsc\u00f3pio eletr\u00f4nicos, um ve\u00edculo utilit\u00e1rio, um motor de popa e um barco em alum\u00ednio. Al\u00e9m do secret\u00e1rio Jos\u00e9 Batista, participaram da cerim\u00f4nia de entrega dos equipamentos o prefeito em exerc\u00edcio, Jos\u00e9 Ot\u00f4nio, diretores e funcion\u00e1rios do Departamento de Vigil\u00e2ncia em Sa\u00fade de Ji-Paran\u00e1.<\/p>\n<p><strong>Atendimento aos ribeirinhos<\/strong><\/p>\n<p>Com o equipamento, explicou Milton Rodrigues, chefe da Divis\u00e3o de Vetores, \u201co munic\u00edpio vai poder implementar ainda mais as a\u00e7\u00f5es de combate \u00e0s doen\u00e7as como a dengue, a mal\u00e1ria e a esquistossomose e manter os \u00edndices destes agravos em n\u00edveis baixos\u201d. Rodrigues ressaltou que o motor de popa e o barco ser\u00e3o extremamente \u00fateis no combate \u00e0s endemias junto \u00e0 popula\u00e7\u00e3o ribeirinha. Parte do equipamento tamb\u00e9m atender\u00e1 as diversas divis\u00f5es do Departamento de Vigil\u00e2ncia em Sa\u00fade da Semusa, como a Imuiza\u00e7\u00e3o, Vigil\u00e2ncia Epidemiol\u00f3gica, Educa\u00e7\u00e3o Permanente em Sa\u00fade, entre outras.<\/p>\n<p>\u201cTemos buscado, garimpado, a cada dia mais recursos para a Sa\u00fade de Ji-Paran\u00e1. Esses equipamentos que est\u00e3o sendo entregues hoje, por exemplo, s\u00e3o fruto desta busca junto ao Estado e \u00e0 Uni\u00e3o. \u00c0s vezes pedimos cem e conseguimos dez, outras pedimos 10 e conseguimos um, n\u00e3o importa, o que importa \u00e9 que sempre estamos conseguindo trazer melhorias para o munic\u00edpio e, assim, mantemos nosso compromisso com a sa\u00fade da popula\u00e7\u00e3o\u201d, comemorou Batista.<\/p>\n","protected":false},"excerpt":{"rendered":"<p>A Secretaria Municipal de Sa\u00fade (Semusa) recebeu ontem, diretamente do Minist\u00e9rio da Sa\u00fade (MS), quase R$ 100 mil em equipamentos que foram entregues \u00e0 Divis\u00e3o de Vetores para o combate de endemias em Ji-Paran\u00e1. A aquisi\u00e7\u00e3o do equipamento foi resultado de indica\u00e7\u00e3o feita em uma das reuni\u00f5es da Comiss\u00e3o Intergestores Bipartite (CIB), cujo secret\u00e1rio de [&hellip;]<\/p>\n","protected":false},"author":2,"featured_media":0,"comment_status":"open","ping_status":"open","sticky":false,"template":"","format":"standard","meta":{"tdm_status":"","tdm_grid_status":"","footnotes":""},"categories":[22,5],"tags":[],"class_list":{"0":"post-8097","1":"post","2":"type-post","3":"status-publish","4":"format-standard","6":"category-brasil","7":"category-saude-e-vida"},"_links":{"self":[{"href":"https:\/\/migracao.redenoticia.com.br\/noticia\/wp-json\/wp\/v2\/posts\/8097","targetHints":{"allow":["GET"]}}],"collection":[{"href":"https:\/\/migracao.redenoticia.com.br\/noticia\/wp-json\/wp\/v2\/posts"}],"about":[{"href":"https:\/\/migracao.redenoticia.com.br\/noticia\/wp-json\/wp\/v2\/types\/post"}],"author":[{"embeddable":true,"href":"https:\/\/migracao.redenoticia.com.br\/noticia\/wp-json\/wp\/v2\/users\/2"}],"replies":[{"embeddable":true,"href":"https:\/\/migracao.redenoticia.com.br\/noticia\/wp-json\/wp\/v2\/comments?post=8097"}],"version-history":[{"count":0,"href":"https:\/\/migracao.redenoticia.com.br\/noticia\/wp-json\/wp\/v2\/posts\/8097\/revisions"}],"wp:attachment":[{"href":"https:\/\/migracao.redenoticia.com.br\/noticia\/wp-json\/wp\/v2\/media?parent=8097"}],"wp:term":[{"taxonomy":"category","embeddable":true,"href":"https:\/\/migracao.redenoticia.com.br\/noticia\/wp-json\/wp\/v2\/categories?post=8097"},{"taxonomy":"post_tag","embeddable":true,"href":"https:\/\/migracao.redenoticia.com.br\/noticia\/wp-json\/wp\/v2\/tags?post=8097"}],"curies":[{"name":"wp","href":"https:\/\/api.w.org\/{rel}","templated":true}]}}