{"id":81022,"date":"2016-02-15T10:19:44","date_gmt":"2016-02-15T12:19:44","guid":{"rendered":"http:\/\/www.redenoticia.com.br\/noticia\/?p=81022"},"modified":"2016-02-14T20:21:22","modified_gmt":"2016-02-14T22:21:22","slug":"corte-provisorio-no-orcamento-chega-a-r-77-bilhoes-no-poder-executivo","status":"publish","type":"post","link":"https:\/\/migracao.redenoticia.com.br\/noticia\/2016\/corte-provisorio-no-orcamento-chega-a-r-77-bilhoes-no-poder-executivo\/81022","title":{"rendered":"Corte provis\u00f3rio no Or\u00e7amento chega a R$ 7,7 bilh\u00f5es no Poder Executivo"},"content":{"rendered":"<p> Apesar de o governo ter adiado o <strong><em>contingenciamento definitivo do Or\u00e7amento<\/em><\/strong> para mar\u00e7o, o decreto que introduziu a programa\u00e7\u00e3o financeira para o primeiro trimestre estabeleceu um corte provis\u00f3rio de R$ 7,7 bilh\u00f5es nas despesas discricion\u00e1rias (n\u00e3o obrigat\u00f3rias) dos minist\u00e9rios e dos demais \u00f3rg\u00e3os do Poder Executivo. O n\u00famero foi obtido pela Ag\u00eancia Brasil com base nos valores divulgados pelo Minist\u00e9rio do Planejamento.<\/p>\n<p>Para os tr\u00eas primeiros meses do ano, o governo limitou os gastos discricion\u00e1rios do Poder Executivo a R$ 15,407 bilh\u00f5es, o que equivale a 3\/18 do estimado para 2016. Caso n\u00e3o houvesse corte, a despesa de janeiro a mar\u00e7o totalizaria a 3\/12: R$ 23,110 bilh\u00f5es. Nas emendas parlamentares individuais impositivas, houve um corte provis\u00f3rio de R$ 753 milh\u00f5es, o que aumenta o total contingenciado para R$ 8,4 bilh\u00f5es.<\/p>\n<p>Se somadas as despesas obrigat\u00f3rias e n\u00e3o obrigat\u00f3rias, o limite para empenho pelos minist\u00e9rios at\u00e9 mar\u00e7o ser\u00e1 de R$ 146,6 bilh\u00f5es, 85% desse total (R$ 124,5 bilh\u00f5es) s\u00e3o gastos n\u00e3o contingenci\u00e1veis, como despesas com sa\u00fade e educa\u00e7\u00e3o.<\/p>\n<p> O decreto fixou ainda as metas quadrimestrais de super\u00e1vit prim\u00e1rio \u2013 economia para pagar os juros da d\u00edvida p\u00fablica \u2013 para o Governo Central (Tesouro Nacional, Banco Central e Previd\u00eancia Social). Da meta total de R$ 24 bilh\u00f5es estabelecida para o ano inteiro, o governo dever\u00e1 economizar R$ 8,87 bilh\u00f5es at\u00e9 o fim de abril e R$ 13,883 bilh\u00f5es at\u00e9 o fim de agosto.<\/p>\n<p>Esses valores, no entanto, funcionam como uma recomenda\u00e7\u00e3o porque o governo pode economizar menos em um quadrimestre, desde que aumente o esfor\u00e7o fiscal em outro. Para a Previd\u00eancia Social, o decreto estima d\u00e9ficit de R$ 129,8 bilh\u00f5es. O valor \u00e9 o mesmo aprovado no Or\u00e7amento Geral da Uni\u00e3o.<\/p>\n<p>O novo decreto com o limite de gastos foi publicado em edi\u00e7\u00e3o extraordin\u00e1ria do Di\u00e1rio Oficial da Uni\u00e3o. O teto de 3\/18 valer\u00e1 at\u00e9 mar\u00e7o.Esta \u00e9 a segunda vez no ano que o governo estabelece os limites para empenho de valores pelos \u00f3rg\u00e3os, fundos e entidades do Poder Executivo, que s\u00f3 poder\u00e3o empenhar despesas at\u00e9 o limite especificado.<\/p>\n<p>A limita\u00e7\u00e3o ficar\u00e1 valendo at\u00e9 que a presidenta Dilma Rousseff e a equipe econ\u00f4mica estabele\u00e7am o valor do contingenciamento que ser\u00e1 aplicado nas contas do governo em 2016.<\/p>\n<p>Wellton M\u00e1ximo \u2013 Rep\u00f3rter da Ag\u00eancia Brasil<br \/>\nColaborou Paulo Victor Chagas<br \/>\n Edi\u00e7\u00e3o: Jorge Wamburg<br \/>\n15\/02\/2016<\/p>\n","protected":false},"excerpt":{"rendered":"<p>Apesar de o governo ter adiado o contingenciamento definitivo do Or\u00e7amento para mar\u00e7o, o decreto que introduziu a programa\u00e7\u00e3o financeira para o primeiro trimestre estabeleceu um corte provis\u00f3rio de R$ 7,7 bilh\u00f5es nas despesas discricion\u00e1rias (n\u00e3o obrigat\u00f3rias) dos minist\u00e9rios e dos demais \u00f3rg\u00e3os do Poder Executivo. O n\u00famero foi obtido pela Ag\u00eancia Brasil com base [&hellip;]<\/p>\n","protected":false},"author":2,"featured_media":38938,"comment_status":"open","ping_status":"closed","sticky":false,"template":"","format":"standard","meta":{"tdm_status":"","tdm_grid_status":"","footnotes":""},"categories":[22,7],"tags":[],"class_list":{"0":"post-81022","1":"post","2":"type-post","3":"status-publish","4":"format-standard","5":"has-post-thumbnail","7":"category-brasil","8":"category-economia"},"_links":{"self":[{"href":"https:\/\/migracao.redenoticia.com.br\/noticia\/wp-json\/wp\/v2\/posts\/81022","targetHints":{"allow":["GET"]}}],"collection":[{"href":"https:\/\/migracao.redenoticia.com.br\/noticia\/wp-json\/wp\/v2\/posts"}],"about":[{"href":"https:\/\/migracao.redenoticia.com.br\/noticia\/wp-json\/wp\/v2\/types\/post"}],"author":[{"embeddable":true,"href":"https:\/\/migracao.redenoticia.com.br\/noticia\/wp-json\/wp\/v2\/users\/2"}],"replies":[{"embeddable":true,"href":"https:\/\/migracao.redenoticia.com.br\/noticia\/wp-json\/wp\/v2\/comments?post=81022"}],"version-history":[{"count":0,"href":"https:\/\/migracao.redenoticia.com.br\/noticia\/wp-json\/wp\/v2\/posts\/81022\/revisions"}],"wp:featuredmedia":[{"embeddable":true,"href":"https:\/\/migracao.redenoticia.com.br\/noticia\/wp-json\/wp\/v2\/media\/38938"}],"wp:attachment":[{"href":"https:\/\/migracao.redenoticia.com.br\/noticia\/wp-json\/wp\/v2\/media?parent=81022"}],"wp:term":[{"taxonomy":"category","embeddable":true,"href":"https:\/\/migracao.redenoticia.com.br\/noticia\/wp-json\/wp\/v2\/categories?post=81022"},{"taxonomy":"post_tag","embeddable":true,"href":"https:\/\/migracao.redenoticia.com.br\/noticia\/wp-json\/wp\/v2\/tags?post=81022"}],"curies":[{"name":"wp","href":"https:\/\/api.w.org\/{rel}","templated":true}]}}