{"id":81024,"date":"2016-02-15T10:21:45","date_gmt":"2016-02-15T12:21:45","guid":{"rendered":"http:\/\/www.redenoticia.com.br\/noticia\/?p=81024"},"modified":"2016-02-14T20:23:27","modified_gmt":"2016-02-14T22:23:27","slug":"fabricante-rebate-suspeitas-de-que-larvicida-cause-microcefalia","status":"publish","type":"post","link":"https:\/\/migracao.redenoticia.com.br\/noticia\/2016\/fabricante-rebate-suspeitas-de-que-larvicida-cause-microcefalia\/81024","title":{"rendered":"Fabricante rebate suspeitas de que larvicida cause microcefalia"},"content":{"rendered":"<p> O laborat\u00f3rio fabricante do larvicida Pyriproxyfen rebateu a suspeita de que produto pode causar <strong><em>microcefalia<\/em><\/strong>. Em nota, a Sumitomo Chemical disse que n\u00e3o h\u00e1 base cient\u00edfica que comprove danos \u00e0 sa\u00fade provocados pelo larvicida.<\/p>\n<p>A empresa diz que o Pyriproxyfen \u00e9 aprovado pela Ag\u00eancia Nacional de Vigil\u00e2ncia Sanit\u00e1ria (Anvisa) para uso em campanhas de sa\u00fade p\u00fablica, como \u201cinseticida-larvicida, controlando vetores de doen\u00e7as, dentre os quais mosquitos Aedes Aegypti, Culex quinquefasciatus e mosca dom\u00e9stica\u201d.<\/p>\n<p>\u201cO produto \u00e9 registrado desde 2004 e o Governo brasileiro o vem utilizando como inseticida-larvicida no combate ao Aedes Aegypti. Pyriproxyfen \u00e9 registrado tamb\u00e9m para o combate do Aedes aegypti em pa\u00edses como Turquia, Ar\u00e1bia Saudita, Dinamarca, Fran\u00e7a, Gr\u00e9cia, Holanda, Espanha. Na Am\u00e9rica Latina, Rep\u00fablica Dominicana e Col\u00f4mbia v\u00eam utilizando o produto desde 2010\u201d, acrescenta a empresa.<\/p>\n<p>O Governo do Rio Grande do Sul anunciou a suspens\u00e3o do uso do larvicida, apontado em nota t\u00e9cnica da Associa\u00e7\u00e3o Brasileira de Sa\u00fade Coletiva (Abrasco), como poss\u00edvel causador de microcefalia.<\/p>\n<p>O produto \u00e9 utilizado em caixas d\u2019\u00e1gua para eliminar larvas do mosquito vetor da dengue, da febre chikungunya e do v\u00edrus Zika. \u201cA suspeita \u00e9 suficiente para nos fazer decidir pela suspens\u00e3o do uso. N\u00f3s n\u00e3o podemos correr esse risco\u201d, disse o secret\u00e1rio de Sa\u00fade do Rio Grande do Sul, Jo\u00e3o Gabbardo dos Reis.<\/p>\n<p>Em nota, o Minist\u00e9rio da Sa\u00fade disse que s\u00f3 usa larvicidas recomendados pela OMS. A pasta ressalta que alguns locais onde o Pyriproxyfen n\u00e3o \u00e9 usado tamb\u00e9m registraram casos de microcefalia.<\/p>\n<p>\u201cAo contr\u00e1rio da rela\u00e7\u00e3o entre o v\u00edrus Zika e a microcefalia, que teve sua confirma\u00e7\u00e3o atestada em exames que apontaram a presen\u00e7a do v\u00edrus em amostras de sangue, tecidos e no l\u00edquido amni\u00f3tico, a associa\u00e7\u00e3o entre o uso de Pyriproxifen e a microcefalia n\u00e3o possui nenhum embasamento cient\u00edfico\u201d, disse a nota.<\/p>\n<p>A pasta ressalta que o Rio Grande do Sul tem autonomia para utilizar o produto adquirido e distribu\u00eddo pelo Minist\u00e9rio da Sa\u00fade ou desenvolver estrat\u00e9gias alternativas.<\/p>\n<p>Kelly Oliveira \u2013 Rep\u00f3rter da Ag\u00eancia Brasil<br \/>\nEdi\u00e7\u00e3o: Beto Coura<br \/>\n15\/02\/2016<\/p>\n","protected":false},"excerpt":{"rendered":"<p>O laborat\u00f3rio fabricante do larvicida Pyriproxyfen rebateu a suspeita de que produto pode causar microcefalia. Em nota, a Sumitomo Chemical disse que n\u00e3o h\u00e1 base cient\u00edfica que comprove danos \u00e0 sa\u00fade provocados pelo larvicida. A empresa diz que o Pyriproxyfen \u00e9 aprovado pela Ag\u00eancia Nacional de Vigil\u00e2ncia Sanit\u00e1ria (Anvisa) para uso em campanhas de sa\u00fade [&hellip;]<\/p>\n","protected":false},"author":2,"featured_media":37376,"comment_status":"open","ping_status":"closed","sticky":false,"template":"","format":"standard","meta":{"tdm_status":"","tdm_grid_status":"","footnotes":""},"categories":[22,5],"tags":[],"class_list":{"0":"post-81024","1":"post","2":"type-post","3":"status-publish","4":"format-standard","5":"has-post-thumbnail","7":"category-brasil","8":"category-saude-e-vida"},"_links":{"self":[{"href":"https:\/\/migracao.redenoticia.com.br\/noticia\/wp-json\/wp\/v2\/posts\/81024","targetHints":{"allow":["GET"]}}],"collection":[{"href":"https:\/\/migracao.redenoticia.com.br\/noticia\/wp-json\/wp\/v2\/posts"}],"about":[{"href":"https:\/\/migracao.redenoticia.com.br\/noticia\/wp-json\/wp\/v2\/types\/post"}],"author":[{"embeddable":true,"href":"https:\/\/migracao.redenoticia.com.br\/noticia\/wp-json\/wp\/v2\/users\/2"}],"replies":[{"embeddable":true,"href":"https:\/\/migracao.redenoticia.com.br\/noticia\/wp-json\/wp\/v2\/comments?post=81024"}],"version-history":[{"count":0,"href":"https:\/\/migracao.redenoticia.com.br\/noticia\/wp-json\/wp\/v2\/posts\/81024\/revisions"}],"wp:featuredmedia":[{"embeddable":true,"href":"https:\/\/migracao.redenoticia.com.br\/noticia\/wp-json\/wp\/v2\/media\/37376"}],"wp:attachment":[{"href":"https:\/\/migracao.redenoticia.com.br\/noticia\/wp-json\/wp\/v2\/media?parent=81024"}],"wp:term":[{"taxonomy":"category","embeddable":true,"href":"https:\/\/migracao.redenoticia.com.br\/noticia\/wp-json\/wp\/v2\/categories?post=81024"},{"taxonomy":"post_tag","embeddable":true,"href":"https:\/\/migracao.redenoticia.com.br\/noticia\/wp-json\/wp\/v2\/tags?post=81024"}],"curies":[{"name":"wp","href":"https:\/\/api.w.org\/{rel}","templated":true}]}}