{"id":8103,"date":"2009-08-10T13:23:25","date_gmt":"2009-08-10T17:23:25","guid":{"rendered":"http:\/\/www.redenoticia.com.br\/noticia\/?p=8103"},"modified":"2009-08-10T18:55:49","modified_gmt":"2009-08-10T22:55:49","slug":"rede-record-destaca-audiencia-de-a-fazenda-que-vence-reality-show-da-concorrencia","status":"publish","type":"post","link":"https:\/\/migracao.redenoticia.com.br\/noticia\/2009\/rede-record-destaca-audiencia-de-a-fazenda-que-vence-reality-show-da-concorrencia\/8103","title":{"rendered":"Rede Record destaca audi\u00eancia de A Fazenda que vence reality show da concorr\u00eancia"},"content":{"rendered":"<p>A 10\u00aa elimina\u00e7\u00e3o de A Fazenda, exibida ontem (09\/08), garantiu \u00e0 Rede Record a lideran\u00e7a isolada no confronto com o reality show exibido pela concorr\u00eancia e o segundo melhor resultado do programa aos domingos, de acordo com os dados consolidados do Ibope Grande S\u00e3o Paulo. Na faixa de confronto com o reality show da concorr\u00eancia, exibido entre 23h10 \u00e0 0h14, A Fazenda garantiu m\u00e9dia de 21 pontos e share de 40%, contra 13 pontos e 24% de share da emissora advers\u00e1ria.<\/p>\n<p>Na m\u00e9dia geral, A Fazenda consolidou 17 pontos de m\u00e9dia, 24 de pico e 29% de share, na faixa das 21h45 \u00e0 0h14, ficando apenas um ponto da lideran\u00e7a.<\/p>\n<p>O programa de ontem, que eliminou Danielle Souza, ficou por 70 minutos na lideran\u00e7a e, na m\u00e9dia geral, garantiu o segundo lugar isolado no ranking das audi\u00eancias.<\/p>\n<p>O Show do Tom exibido no s\u00e1bado, dia 08\/08, conquistou \u00f3tima audi\u00eancia com &#8220;O Curral&#8221;, s\u00e1tira do reality show &#8220;A Fazenda&#8221;. Exibido das 22h50 \u00e0 00h14, o humor\u00edstico, que nesta semana teve participa\u00e7\u00e3o dos eliminados de A Fazenda, registrou 11 pontos de m\u00e9dia, pico de 14 e share de 22%, garantindo \u00e0 Record o segundo lugar isolado no ranking de audi\u00eancia. No quadro, Tom Cavalcante vive o apresentador Cabritto Jr. A cada semana, um dos participantes de &#8220;O Curral&#8221; \u00e9 mandado para &#8220;a fossa&#8221; e eliminado do programa.<\/p>\n<p>\u00a0Fonte: Ibope MW GSP dados domiciliares (Os \u00edndices apresentados s\u00e3o n\u00fameros consolidados, destacando o patamar de audi\u00eancia sem casa decimal).<\/p>\n","protected":false},"excerpt":{"rendered":"<p>A 10\u00aa elimina\u00e7\u00e3o de A Fazenda, exibida ontem (09\/08), garantiu \u00e0 Rede Record a lideran\u00e7a isolada no confronto com o reality show exibido pela concorr\u00eancia e o segundo melhor resultado do programa aos domingos, de acordo com os dados consolidados do Ibope Grande S\u00e3o Paulo. Na faixa de confronto com o reality show da concorr\u00eancia, [&hellip;]<\/p>\n","protected":false},"author":3,"featured_media":0,"comment_status":"open","ping_status":"open","sticky":false,"template":"","format":"standard","meta":{"tdm_status":"","tdm_grid_status":"","footnotes":""},"categories":[22,343],"tags":[],"class_list":{"0":"post-8103","1":"post","2":"type-post","3":"status-publish","4":"format-standard","6":"category-brasil","7":"category-televisao"},"_links":{"self":[{"href":"https:\/\/migracao.redenoticia.com.br\/noticia\/wp-json\/wp\/v2\/posts\/8103","targetHints":{"allow":["GET"]}}],"collection":[{"href":"https:\/\/migracao.redenoticia.com.br\/noticia\/wp-json\/wp\/v2\/posts"}],"about":[{"href":"https:\/\/migracao.redenoticia.com.br\/noticia\/wp-json\/wp\/v2\/types\/post"}],"author":[{"embeddable":true,"href":"https:\/\/migracao.redenoticia.com.br\/noticia\/wp-json\/wp\/v2\/users\/3"}],"replies":[{"embeddable":true,"href":"https:\/\/migracao.redenoticia.com.br\/noticia\/wp-json\/wp\/v2\/comments?post=8103"}],"version-history":[{"count":0,"href":"https:\/\/migracao.redenoticia.com.br\/noticia\/wp-json\/wp\/v2\/posts\/8103\/revisions"}],"wp:attachment":[{"href":"https:\/\/migracao.redenoticia.com.br\/noticia\/wp-json\/wp\/v2\/media?parent=8103"}],"wp:term":[{"taxonomy":"category","embeddable":true,"href":"https:\/\/migracao.redenoticia.com.br\/noticia\/wp-json\/wp\/v2\/categories?post=8103"},{"taxonomy":"post_tag","embeddable":true,"href":"https:\/\/migracao.redenoticia.com.br\/noticia\/wp-json\/wp\/v2\/tags?post=8103"}],"curies":[{"name":"wp","href":"https:\/\/api.w.org\/{rel}","templated":true}]}}