{"id":81083,"date":"2016-02-16T10:34:37","date_gmt":"2016-02-16T12:34:37","guid":{"rendered":"http:\/\/www.redenoticia.com.br\/noticia\/?p=81083"},"modified":"2016-02-15T15:35:50","modified_gmt":"2016-02-15T17:35:50","slug":"unesp-estuda-segredos-do-zika-virus","status":"publish","type":"post","link":"https:\/\/migracao.redenoticia.com.br\/noticia\/2016\/unesp-estuda-segredos-do-zika-virus\/81083","title":{"rendered":"Unesp estuda segredos do zika v\u00edrus"},"content":{"rendered":"<p> Sala lacrada, com ar-condicionado central para controle de temperatura, filtros para limpar o ar que sai do ambiente, autoclave exclusiva, centr\u00edfuga para tubos, estufa para cultivo celular. \u00c9 com essa estrutura especial que profissionais altamente treinados manipulam no Ibilce \u2013 c\u00e2mpus da Unesp em Rio Preto &#8211; o v\u00edrus que \u00e9 a maior preocupa\u00e7\u00e3o mundial na atualidade: o <em><strong>zika<\/strong><\/em>.<\/p>\n<p>O laborat\u00f3rio de estudos gen\u00f4micos do Ibilce virou uma das esperan\u00e7as do Pa\u00eds para entender o v\u00edrus que assombra a popula\u00e7\u00e3o brasileira e preocupa tamb\u00e9m autoridades de diversos pa\u00edses, por estar associado a uma epidemia de microcefalia no nordeste brasileiro. Criado em 2002, justamente como uma unidade que poderia ser acionada em caso de v\u00edrus emergente, o laborat\u00f3rio do Ibilce, em parceria com o laborat\u00f3rio de virologia da Faculdade de Medicina de Rio Preto (Famerp), foi convocado a participar da chamada Rede Zika \u2013 liderada pela USP e que envolve 42 laborat\u00f3rios em todo o Pa\u00eds, feita para estudar o v\u00edrus.<\/p>\n<p>Laborat\u00f3rio integra rede<br \/>\nO laborat\u00f3rio de estudos gen\u00f4micos do Ibilce faz parte da Rede de Diversidade Gen\u00e9tica de V\u00edrus (VGDN), formada por 18 laborat\u00f3rios, cujo objetivo \u00e9 estudar variedades gen\u00e9ticas de v\u00edrus. Os projetos s\u00e3o desenvolvidos sob a responsabilidade de um pesquisador principal, vinculado a institui\u00e7\u00f5es superiores de ensino e pesquisa no Estado de S\u00e3o Paulo. Os projetos aprovados s\u00e3o financiados pela Fapesp.<\/p>\n<p>A estrutura em Rio Preto \u00e9 formada por quatro laborat\u00f3rios e, atualmente, vinte alunos, entre p\u00f3s-doutorandos, doutorandos, mestrandos e alunos de inicia\u00e7\u00e3o cient\u00edfica. No laborat\u00f3rio central, as amostras s\u00e3o recebidas e processadas. No de sequenciamento, os v\u00edrus s\u00e3o sequenciados para que os pesquisadores saibam que tipo est\u00e1 circulando. Em outra sala, fica o laborat\u00f3rio de clonagem. L\u00e1, os genes s\u00e3o clonados para serem estudados.<\/p>\n<p>J\u00e1 no de cultura limpa, os pesquisadores s\u00f3 trabalham com c\u00e9lulas sem v\u00edrus. Essas c\u00e9lulas s\u00f3 recebem o v\u00edrus para teste quando s\u00e3o levadas para o laborat\u00f3rio de seguran\u00e7a. Em cada unidade, diversos equipamentos de ponta auxiliam os profissionais. Entre as linhas de pesquisas, duas podem ser destacadas: uma sobre HPV e outras sobre hepatite C. \u201cDentro de hepatite C, procuro antivirais. \u00c9 uma doen\u00e7a que at\u00e9 hoje n\u00e3o existe vacina. Tamb\u00e9m fazemos o estudo de diversos tipos do HPV\u201d, disse a virologista Paula Rahal.<\/p>\n<p>Leia Reportagem completa no Di\u00e1rio da Regi\u00e3o de S\u00e3o Jos\u00e9 do Rio Preto em:<\/p>\n<p>Assessoria de Comunica\u00e7\u00e3o e Imprensa<\/p>\n","protected":false},"excerpt":{"rendered":"<p>Sala lacrada, com ar-condicionado central para controle de temperatura, filtros para limpar o ar que sai do ambiente, autoclave exclusiva, centr\u00edfuga para tubos, estufa para cultivo celular. \u00c9 com essa estrutura especial que profissionais altamente treinados manipulam no Ibilce \u2013 c\u00e2mpus da Unesp em Rio Preto &#8211; o v\u00edrus que \u00e9 a maior preocupa\u00e7\u00e3o mundial [&hellip;]<\/p>\n","protected":false},"author":2,"featured_media":37376,"comment_status":"open","ping_status":"closed","sticky":false,"template":"","format":"standard","meta":{"tdm_status":"","tdm_grid_status":"","footnotes":""},"categories":[22,5],"tags":[],"class_list":{"0":"post-81083","1":"post","2":"type-post","3":"status-publish","4":"format-standard","5":"has-post-thumbnail","7":"category-brasil","8":"category-saude-e-vida"},"_links":{"self":[{"href":"https:\/\/migracao.redenoticia.com.br\/noticia\/wp-json\/wp\/v2\/posts\/81083","targetHints":{"allow":["GET"]}}],"collection":[{"href":"https:\/\/migracao.redenoticia.com.br\/noticia\/wp-json\/wp\/v2\/posts"}],"about":[{"href":"https:\/\/migracao.redenoticia.com.br\/noticia\/wp-json\/wp\/v2\/types\/post"}],"author":[{"embeddable":true,"href":"https:\/\/migracao.redenoticia.com.br\/noticia\/wp-json\/wp\/v2\/users\/2"}],"replies":[{"embeddable":true,"href":"https:\/\/migracao.redenoticia.com.br\/noticia\/wp-json\/wp\/v2\/comments?post=81083"}],"version-history":[{"count":0,"href":"https:\/\/migracao.redenoticia.com.br\/noticia\/wp-json\/wp\/v2\/posts\/81083\/revisions"}],"wp:featuredmedia":[{"embeddable":true,"href":"https:\/\/migracao.redenoticia.com.br\/noticia\/wp-json\/wp\/v2\/media\/37376"}],"wp:attachment":[{"href":"https:\/\/migracao.redenoticia.com.br\/noticia\/wp-json\/wp\/v2\/media?parent=81083"}],"wp:term":[{"taxonomy":"category","embeddable":true,"href":"https:\/\/migracao.redenoticia.com.br\/noticia\/wp-json\/wp\/v2\/categories?post=81083"},{"taxonomy":"post_tag","embeddable":true,"href":"https:\/\/migracao.redenoticia.com.br\/noticia\/wp-json\/wp\/v2\/tags?post=81083"}],"curies":[{"name":"wp","href":"https:\/\/api.w.org\/{rel}","templated":true}]}}