{"id":81085,"date":"2016-02-16T10:35:55","date_gmt":"2016-02-16T12:35:55","guid":{"rendered":"http:\/\/www.redenoticia.com.br\/noticia\/?p=81085"},"modified":"2016-02-15T15:38:51","modified_gmt":"2016-02-15T17:38:51","slug":"fundacao-pro-sangue-sp-pede-que-populacao-doe-sangue","status":"publish","type":"post","link":"https:\/\/migracao.redenoticia.com.br\/noticia\/2016\/fundacao-pro-sangue-sp-pede-que-populacao-doe-sangue\/81085","title":{"rendered":"Funda\u00e7\u00e3o Pr\u00f3-Sangue SP pede que popula\u00e7\u00e3o doe sangue"},"content":{"rendered":"<p> A Funda\u00e7\u00e3o <strong><em>Pr\u00f3-Sangue<\/em><\/strong>, respons\u00e1vel pelo abastecimento de mais de 100 institui\u00e7\u00f5es de sa\u00fade da Regi\u00e3o Metropolitana de S\u00e3o Paulo, precisa da colabora\u00e7\u00e3o de doadores, principalmente dos fatores do tipo O positivo, O negativo e A negativo. Os estoques da Funda\u00e7\u00e3o est\u00e3o 35% abaixo do n\u00edvel esperado por conta da redu\u00e7\u00e3o do n\u00famero de pessoas em S\u00e3o Paulo em decorr\u00eancia do carnaval.<\/p>\n<p>Para doar basta estar em boas condi\u00e7\u00f5es de sa\u00fade, estar alimentado no momento da doa\u00e7\u00e3o, ter entre 16 e 69 anos, pesar no m\u00ednimo de 50 kg e levar documento de identidade original.<\/p>\n<p>SERVI\u00c7O<\/p>\n<p>Posto Cl\u00ednicas (Av. Dr. En\u00e9as Carvalho de Aguiar, 155, 1\u00ba andar, Cerqueira C\u00e9sar);<br \/>\nDe segunda a sexta-feira, das 7h \u00e0s 19h. S\u00e1bados e feriados das 8h \u00e0s 18h e domingos, 1\u00ba e 3\u00ba de cada m\u00eas, das 8h \u00e0s 13h.<\/p>\n<p>Do Portal do Governo do Estado SP<\/p>\n<p>&#8212;<br \/>\nA Funda\u00e7\u00e3o Pr\u00f3-Sangue \u00e9 uma institui\u00e7\u00e3o p\u00fablica ligada \u00e0 Secretaria de Estado da Sa\u00fade e ao Hospital das Cl\u00ednicas da Faculdade de Medicina da Universidade de S\u00e3o Paulo, mantendo com a \u00faltima estreito la\u00e7o de coopera\u00e7\u00e3o acad\u00eamica e t\u00e9cnico-cient\u00edfica.<\/p>\n<p>Criada em 1984, a Funda\u00e7\u00e3o Pr\u00f3-Sangue tem sua sede no 1\u00ba andar do Pr\u00e9dio dos Ambulat\u00f3rios do Hospital das Cl\u00ednicas, na avenida Dr. En\u00e9as Carvalho de Aguiar, 155. Possui tamb\u00e9m seis postos de coleta: no Hospital do Mandaqui, no Hospital Dante Pazzanese, no Hospital Regional de Osasco, no Hospital Municipal de Barueri, no Hospital das Cl\u00ednicas e no Hospital Geral de Pedreira.<\/p>\n<p>A Funda\u00e7\u00e3o Pr\u00f3-Sangue \u00e9 o hemocentro-refer\u00eancia na Am\u00e9rica Latina, e o volume de sangue coletado equivale a aproximadamente 32% do sangue consumido na Regi\u00e3o Metropolitana de S\u00e3o Paulo.<\/p>\n","protected":false},"excerpt":{"rendered":"<p>A Funda\u00e7\u00e3o Pr\u00f3-Sangue, respons\u00e1vel pelo abastecimento de mais de 100 institui\u00e7\u00f5es de sa\u00fade da Regi\u00e3o Metropolitana de S\u00e3o Paulo, precisa da colabora\u00e7\u00e3o de doadores, principalmente dos fatores do tipo O positivo, O negativo e A negativo. Os estoques da Funda\u00e7\u00e3o est\u00e3o 35% abaixo do n\u00edvel esperado por conta da redu\u00e7\u00e3o do n\u00famero de pessoas em [&hellip;]<\/p>\n","protected":false},"author":2,"featured_media":37377,"comment_status":"open","ping_status":"closed","sticky":false,"template":"","format":"standard","meta":{"tdm_status":"","tdm_grid_status":"","footnotes":""},"categories":[22,5],"tags":[],"class_list":{"0":"post-81085","1":"post","2":"type-post","3":"status-publish","4":"format-standard","5":"has-post-thumbnail","7":"category-brasil","8":"category-saude-e-vida"},"_links":{"self":[{"href":"https:\/\/migracao.redenoticia.com.br\/noticia\/wp-json\/wp\/v2\/posts\/81085","targetHints":{"allow":["GET"]}}],"collection":[{"href":"https:\/\/migracao.redenoticia.com.br\/noticia\/wp-json\/wp\/v2\/posts"}],"about":[{"href":"https:\/\/migracao.redenoticia.com.br\/noticia\/wp-json\/wp\/v2\/types\/post"}],"author":[{"embeddable":true,"href":"https:\/\/migracao.redenoticia.com.br\/noticia\/wp-json\/wp\/v2\/users\/2"}],"replies":[{"embeddable":true,"href":"https:\/\/migracao.redenoticia.com.br\/noticia\/wp-json\/wp\/v2\/comments?post=81085"}],"version-history":[{"count":0,"href":"https:\/\/migracao.redenoticia.com.br\/noticia\/wp-json\/wp\/v2\/posts\/81085\/revisions"}],"wp:featuredmedia":[{"embeddable":true,"href":"https:\/\/migracao.redenoticia.com.br\/noticia\/wp-json\/wp\/v2\/media\/37377"}],"wp:attachment":[{"href":"https:\/\/migracao.redenoticia.com.br\/noticia\/wp-json\/wp\/v2\/media?parent=81085"}],"wp:term":[{"taxonomy":"category","embeddable":true,"href":"https:\/\/migracao.redenoticia.com.br\/noticia\/wp-json\/wp\/v2\/categories?post=81085"},{"taxonomy":"post_tag","embeddable":true,"href":"https:\/\/migracao.redenoticia.com.br\/noticia\/wp-json\/wp\/v2\/tags?post=81085"}],"curies":[{"name":"wp","href":"https:\/\/api.w.org\/{rel}","templated":true}]}}