{"id":8132,"date":"2009-08-10T14:09:38","date_gmt":"2009-08-10T18:09:38","guid":{"rendered":"http:\/\/www.redenoticia.com.br\/noticia\/?p=8132"},"modified":"2009-08-10T14:09:38","modified_gmt":"2009-08-10T18:09:38","slug":"vice-prefeito-de-ji-parana-rondonia-assume-interinamente-a-prefeitura","status":"publish","type":"post","link":"https:\/\/migracao.redenoticia.com.br\/noticia\/2009\/vice-prefeito-de-ji-parana-rondonia-assume-interinamente-a-prefeitura\/8132","title":{"rendered":"Vice Prefeito de Ji-Paran\u00e1 (Rond\u00f4nia) assume interinamente a prefeitura"},"content":{"rendered":"<p>Z\u00e9 Otonio Lima Silva (PSDB) assumiu hoje (10) o cargo de prefeito em exerc\u00edcio at\u00e9 o pr\u00f3ximo dia 10 de setembro. Aposse foi oficializada pela C\u00e2mara Municipal em virtude do pedido de licen\u00e7a do prefeito Jos\u00e9 de Abreu Bianco (DEM) que est\u00e1 de f\u00e9rias.<\/p>\n<p>O ato de posse foi prestigiado por vereadores, secret\u00e1rios, deputado estadual Jesualdo Pires (PSB), l\u00edderes partid\u00e1rios e dezenas de amigos e familiares.<\/p>\n<p>Z\u00e9 Otonio ao discursar ressaltou o momento positivo de desenvolvimento que o munic\u00edpio est\u00e1 passando recebendo in\u00fameros investimentos estruturantes, como a obra de duplica\u00e7\u00e3o da ponte sobre o Rio Machado, constru\u00e7\u00e3o da ponte do Anel Vi\u00e1rio, reforma do aeroporto e a amplia\u00e7\u00e3o da rede de \u00e1gua tratada realizada pela Caerd.<\/p>\n<p>O prefeito agradeceu o trabalho de parceria realizado pelos vereadores e deputados eleitos por Ji-Paran\u00e1, afirmando que a sociedade \u00e9 que tem sido beneficiada com a uni\u00e3o das for\u00e7as pol\u00edticas locais.<\/p>\n<p>O presidente do Poder Legislativo, vereador Nilton Cezar Rios (PSB), enalteceu o trabalho realizado por Z\u00e9 Otonio na atual administra\u00e7\u00e3o e observou que Otonio tem mudado o conceito de vice-prefeito realizando um trabalho competente e atuante em diversos setores da cidade. \u201cEm muitas cidades a figura do vice \u00e9 de coadjuvante. No entanto, em Ji-Paran\u00e1 \u00e9 diferente. A sociedade ji-paranaense pode se orgulhar de ter um vice-prefeito dedicado e que trabalha de forma exaustiva\u201d,elogiou.<\/p>\n<p>J\u00e1 o vereador Marcos Rog\u00e9rio (PDT), afirmou ser uma honra dar posse como prefeito a Z\u00e9 Otonio por toda a trajet\u00f3ria dele junto a cidade de Ji-Paran\u00e1.<\/p>\n<p>\u201cPara o deputado Jesualdo Pires, Z\u00e9 Otonio sempre se mostrou eficiente como empres\u00e1rio e tem mostrado grande compet\u00eancia ao lado de Jos\u00e9 Bianco. \u201cJi-Paran\u00e1 est\u00e1 em boas m\u00e3os, pois a capacidade administrativa de Z\u00e9 Otonio \u00e9 inquestion\u00e1vel\u201d, frisou Jesualdo reafirmando a continuidade de pareceria com o munic\u00edpio.<\/p>\n","protected":false},"excerpt":{"rendered":"<p>Z\u00e9 Otonio Lima Silva (PSDB) assumiu hoje (10) o cargo de prefeito em exerc\u00edcio at\u00e9 o pr\u00f3ximo dia 10 de setembro. Aposse foi oficializada pela C\u00e2mara Municipal em virtude do pedido de licen\u00e7a do prefeito Jos\u00e9 de Abreu Bianco (DEM) que est\u00e1 de f\u00e9rias. O ato de posse foi prestigiado por vereadores, secret\u00e1rios, deputado estadual [&hellip;]<\/p>\n","protected":false},"author":2,"featured_media":0,"comment_status":"open","ping_status":"open","sticky":false,"template":"","format":"standard","meta":{"tdm_status":"","tdm_grid_status":"","footnotes":""},"categories":[22],"tags":[],"class_list":{"0":"post-8132","1":"post","2":"type-post","3":"status-publish","4":"format-standard","6":"category-brasil"},"_links":{"self":[{"href":"https:\/\/migracao.redenoticia.com.br\/noticia\/wp-json\/wp\/v2\/posts\/8132","targetHints":{"allow":["GET"]}}],"collection":[{"href":"https:\/\/migracao.redenoticia.com.br\/noticia\/wp-json\/wp\/v2\/posts"}],"about":[{"href":"https:\/\/migracao.redenoticia.com.br\/noticia\/wp-json\/wp\/v2\/types\/post"}],"author":[{"embeddable":true,"href":"https:\/\/migracao.redenoticia.com.br\/noticia\/wp-json\/wp\/v2\/users\/2"}],"replies":[{"embeddable":true,"href":"https:\/\/migracao.redenoticia.com.br\/noticia\/wp-json\/wp\/v2\/comments?post=8132"}],"version-history":[{"count":0,"href":"https:\/\/migracao.redenoticia.com.br\/noticia\/wp-json\/wp\/v2\/posts\/8132\/revisions"}],"wp:attachment":[{"href":"https:\/\/migracao.redenoticia.com.br\/noticia\/wp-json\/wp\/v2\/media?parent=8132"}],"wp:term":[{"taxonomy":"category","embeddable":true,"href":"https:\/\/migracao.redenoticia.com.br\/noticia\/wp-json\/wp\/v2\/categories?post=8132"},{"taxonomy":"post_tag","embeddable":true,"href":"https:\/\/migracao.redenoticia.com.br\/noticia\/wp-json\/wp\/v2\/tags?post=8132"}],"curies":[{"name":"wp","href":"https:\/\/api.w.org\/{rel}","templated":true}]}}